{"id":1977,"date":"2009-09-11T00:01:11","date_gmt":"2009-09-10T22:01:11","guid":{"rendered":"http:\/\/www.luigiaccattoli.it\/blog\/?p=1977"},"modified":"2009-09-11T00:08:31","modified_gmt":"2009-09-10T22:08:31","slug":"lattenzione-del-cuore-come-un-segno-di-dio","status":"publish","type":"post","link":"http:\/\/www.luigiaccattoli.it\/blog\/lattenzione-del-cuore-come-un-segno-di-dio\/","title":{"rendered":"L&#8217;attenzione del cuore come un segno di Dio"},"content":{"rendered":"<p>Domenica il papa era a Viterbo e nell&#8217;omelia ebbe a dire parole di grande forza sui segni che fanno presente Dio nel mondo: &#8220;Il pi\u00f9 immediato dei segni di Dio \u00e8 certamente l\u2019attenzione al prossimo&#8221;. Commentando quel motto in un post del 6 settembre mi impegnai ad approfondire il riferimento al &#8220;piano pastorale&#8221; della Chiesa di Viterbo dal quale Benedetto aveva preso lo spunto per quella sua riflessione. Ho trovato qualche buona pagina riguardante l&#8217;attenzione al prossimo in un &#8220;progetto pastorale&#8221; del vescovo Lorenzo Chiarinelli che ha la data del 23 giugno. In esso \u00e8 scritto che &#8220;l&#8217;uomo \u00e8 la passione di Dio&#8221; e che &#8220;l&#8217;amore per l&#8217;uomo \u00e8 il Dna del cristianesimo&#8221;. Se ne deduce per i cristiani il compito di &#8220;cercare l&#8217;uomo&#8221;, che non \u00e8 solo &#8220;aiutarlo&#8221; e &#8220;fargli del bene&#8221;, ma anche &#8220;ascoltare gli altri, comprenderli, includerli nel nostro affetto, riconoscerli, rompere la loro solitudine ed essere loro compagni: insomma amarli&#8221;. Perch\u00e8 tutti gli essere umani &#8211; a partire dai sofferenti &#8211; &#8220;hanno bisogno dell&#8217;attenzione del cuore&#8221;. Questa attenzione &#8220;nella sua gratuit\u00e0 \u00e8 la migliore testimonianza del Dio nel quale crediamo e dal quale siamo spinti ad amare&#8221;. Essa &#8220;rende visibile l&#8217;amore di Dio nel mondo&#8221;. Rappresenta dunque il pi\u00f9 immediato &#8211; cio\u00e8 il pi\u00f9 vicino a noi &#8211; tra i segni di Dio. [<em>Segue nel primo commento<\/em>]<\/p>\n","protected":false},"excerpt":{"rendered":"<p>Domenica il papa era a Viterbo e nell&#8217;omelia ebbe a dire parole di grande forza sui segni che fanno presente Dio nel mondo: &#8220;Il pi\u00f9 immediato dei segni di Dio&#8230;<\/p>\n<div class=\"more-link-wrapper\"><a class=\"more-link\" href=\"http:\/\/www.luigiaccattoli.it\/blog\/lattenzione-del-cuore-come-un-segno-di-dio\/\">Read More<span class=\"screen-reader-text\">L&#8217;attenzione del cuore come un segno di Dio<\/span><\/a><\/div>\n","protected":false},"author":1,"featured_media":0,"comment_status":"open","ping_status":"closed","sticky":false,"template":"","format":"standard","meta":{"_monsterinsights_skip_tracking":false,"_monsterinsights_sitenote_active":false,"_monsterinsights_sitenote_note":"","_monsterinsights_sitenote_category":0,"footnotes":""},"categories":[1],"tags":[],"class_list":["post-1977","post","type-post","status-publish","format-standard","hentry","category-varie","excerpt"],"_links":{"self":[{"href":"http:\/\/www.luigiaccattoli.it\/blog\/wp-json\/wp\/v2\/posts\/1977","targetHints":{"allow":["GET"]}}],"collection":[{"href":"http:\/\/www.luigiaccattoli.it\/blog\/wp-json\/wp\/v2\/posts"}],"about":[{"href":"http:\/\/www.luigiaccattoli.it\/blog\/wp-json\/wp\/v2\/types\/post"}],"author":[{"embeddable":true,"href":"http:\/\/www.luigiaccattoli.it\/blog\/wp-json\/wp\/v2\/users\/1"}],"replies":[{"embeddable":true,"href":"http:\/\/www.luigiaccattoli.it\/blog\/wp-json\/wp\/v2\/comments?post=1977"}],"version-history":[{"count":3,"href":"http:\/\/www.luigiaccattoli.it\/blog\/wp-json\/wp\/v2\/posts\/1977\/revisions"}],"predecessor-version":[{"id":1979,"href":"http:\/\/www.luigiaccattoli.it\/blog\/wp-json\/wp\/v2\/posts\/1977\/revisions\/1979"}],"wp:attachment":[{"href":"http:\/\/www.luigiaccattoli.it\/blog\/wp-json\/wp\/v2\/media?parent=1977"}],"wp:term":[{"taxonomy":"category","embeddable":true,"href":"http:\/\/www.luigiaccattoli.it\/blog\/wp-json\/wp\/v2\/categories?post=1977"},{"taxonomy":"post_tag","embeddable":true,"href":"http:\/\/www.luigiaccattoli.it\/blog\/wp-json\/wp\/v2\/tags?post=1977"}],"curies":[{"name":"wp","href":"https:\/\/api.w.org\/{rel}","templated":true}]}}