{"id":19798,"date":"2017-05-03T14:52:30","date_gmt":"2017-05-03T12:52:30","guid":{"rendered":"http:\/\/www.luigiaccattoli.it\/blog\/?p=19798"},"modified":"2017-05-03T14:57:17","modified_gmt":"2017-05-03T12:57:17","slug":"francesco-allazione-cattolica-non-siate-piu-papisti-del-papa","status":"publish","type":"post","link":"http:\/\/www.luigiaccattoli.it\/blog\/francesco-allazione-cattolica-non-siate-piu-papisti-del-papa\/","title":{"rendered":"Francesco: l&#8217;Azione Cattolica non sia pi\u00f9 papista del Papa"},"content":{"rendered":"<p>&#8220;Non potete essere pi\u00f9 restrittivi della stessa Chiesa n\u00e9 pi\u00f9 papisti del Papa&#8221;: cos\u00ec ha parlato <a href=\"http:\/\/press.vatican.va\/content\/salastampa\/it\/bollettino\/pubblico\/2017\/04\/27\/0270\/00637.html\">Francesco il 27 aprile al Forum internazionale dell\u2019Azione Cattolica (FIAC)<\/a> che si \u00e8 tenuto nell\u2019Aula del Sinodo in Vaticano dal 27 al 30 aprile sul tema \u201cAzione Cattolica in missione con tutti e per tutti\u201d. Quel giorno non potei occuparmene ma il messaggio del Papa \u00e8 di rilievo e dunque lo riprendo qui. Nei commenti i passi che ho scelto per me.<\/p>\n","protected":false},"excerpt":{"rendered":"<p>&#8220;Non potete essere pi\u00f9 restrittivi della stessa Chiesa n\u00e9 pi\u00f9 papisti del Papa&#8221;: cos\u00ec ha parlato Francesco il 27 aprile al Forum internazionale dell\u2019Azione Cattolica (FIAC) che si \u00e8 tenuto&#8230;<\/p>\n<div class=\"more-link-wrapper\"><a class=\"more-link\" href=\"http:\/\/www.luigiaccattoli.it\/blog\/francesco-allazione-cattolica-non-siate-piu-papisti-del-papa\/\">Read More<span class=\"screen-reader-text\">Francesco: l&#8217;Azione Cattolica non sia pi\u00f9 papista del Papa<\/span><\/a><\/div>\n","protected":false},"author":1,"featured_media":0,"comment_status":"open","ping_status":"closed","sticky":false,"template":"","format":"standard","meta":{"_monsterinsights_skip_tracking":false,"_monsterinsights_sitenote_active":false,"_monsterinsights_sitenote_note":"","_monsterinsights_sitenote_category":0,"footnotes":""},"categories":[1],"tags":[],"class_list":["post-19798","post","type-post","status-publish","format-standard","hentry","category-varie","excerpt"],"_links":{"self":[{"href":"http:\/\/www.luigiaccattoli.it\/blog\/wp-json\/wp\/v2\/posts\/19798","targetHints":{"allow":["GET"]}}],"collection":[{"href":"http:\/\/www.luigiaccattoli.it\/blog\/wp-json\/wp\/v2\/posts"}],"about":[{"href":"http:\/\/www.luigiaccattoli.it\/blog\/wp-json\/wp\/v2\/types\/post"}],"author":[{"embeddable":true,"href":"http:\/\/www.luigiaccattoli.it\/blog\/wp-json\/wp\/v2\/users\/1"}],"replies":[{"embeddable":true,"href":"http:\/\/www.luigiaccattoli.it\/blog\/wp-json\/wp\/v2\/comments?post=19798"}],"version-history":[{"count":4,"href":"http:\/\/www.luigiaccattoli.it\/blog\/wp-json\/wp\/v2\/posts\/19798\/revisions"}],"predecessor-version":[{"id":19802,"href":"http:\/\/www.luigiaccattoli.it\/blog\/wp-json\/wp\/v2\/posts\/19798\/revisions\/19802"}],"wp:attachment":[{"href":"http:\/\/www.luigiaccattoli.it\/blog\/wp-json\/wp\/v2\/media?parent=19798"}],"wp:term":[{"taxonomy":"category","embeddable":true,"href":"http:\/\/www.luigiaccattoli.it\/blog\/wp-json\/wp\/v2\/categories?post=19798"},{"taxonomy":"post_tag","embeddable":true,"href":"http:\/\/www.luigiaccattoli.it\/blog\/wp-json\/wp\/v2\/tags?post=19798"}],"curies":[{"name":"wp","href":"https:\/\/api.w.org\/{rel}","templated":true}]}}