{"id":20260,"date":"2017-08-27T22:17:45","date_gmt":"2017-08-27T20:17:45","guid":{"rendered":"http:\/\/www.luigiaccattoli.it\/blog\/?p=20260"},"modified":"2017-08-27T22:23:35","modified_gmt":"2017-08-27T20:23:35","slug":"freancesco-afferma-che-la-riforma-liturgica-e-irreversibile","status":"publish","type":"post","link":"http:\/\/www.luigiaccattoli.it\/blog\/freancesco-afferma-che-la-riforma-liturgica-e-irreversibile\/","title":{"rendered":"Francesco afferma che la riforma liturgica \u00e8 &#8220;irreversibile&#8221;"},"content":{"rendered":"<p>&#8220;Possiamo affermare con sicurezza e con autorit\u00e0 magisteriale che la riforma liturgica \u00e8 irreversibile&#8221;: <a href=\"http:\/\/press.vatican.va\/content\/salastampa\/it\/bollettino\/pubblico\/2017\/08\/24\/0531\/01182.html\">l&#8217;ha detto Francesco il 24 agosto alla 68ma Settimana Liturgica italiana<\/a>. Nei commenti due passaggi papali.<\/p>\n","protected":false},"excerpt":{"rendered":"<p>&#8220;Possiamo affermare con sicurezza e con autorit\u00e0 magisteriale che la riforma liturgica \u00e8 irreversibile&#8221;: l&#8217;ha detto Francesco il 24 agosto alla 68ma Settimana Liturgica italiana. Nei commenti due passaggi papali.<\/p>\n","protected":false},"author":1,"featured_media":0,"comment_status":"open","ping_status":"closed","sticky":false,"template":"","format":"standard","meta":{"_monsterinsights_skip_tracking":false,"_monsterinsights_sitenote_active":false,"_monsterinsights_sitenote_note":"","_monsterinsights_sitenote_category":0,"footnotes":""},"categories":[1],"tags":[],"class_list":["post-20260","post","type-post","status-publish","format-standard","hentry","category-varie","excerpt"],"_links":{"self":[{"href":"http:\/\/www.luigiaccattoli.it\/blog\/wp-json\/wp\/v2\/posts\/20260","targetHints":{"allow":["GET"]}}],"collection":[{"href":"http:\/\/www.luigiaccattoli.it\/blog\/wp-json\/wp\/v2\/posts"}],"about":[{"href":"http:\/\/www.luigiaccattoli.it\/blog\/wp-json\/wp\/v2\/types\/post"}],"author":[{"embeddable":true,"href":"http:\/\/www.luigiaccattoli.it\/blog\/wp-json\/wp\/v2\/users\/1"}],"replies":[{"embeddable":true,"href":"http:\/\/www.luigiaccattoli.it\/blog\/wp-json\/wp\/v2\/comments?post=20260"}],"version-history":[{"count":3,"href":"http:\/\/www.luigiaccattoli.it\/blog\/wp-json\/wp\/v2\/posts\/20260\/revisions"}],"predecessor-version":[{"id":20263,"href":"http:\/\/www.luigiaccattoli.it\/blog\/wp-json\/wp\/v2\/posts\/20260\/revisions\/20263"}],"wp:attachment":[{"href":"http:\/\/www.luigiaccattoli.it\/blog\/wp-json\/wp\/v2\/media?parent=20260"}],"wp:term":[{"taxonomy":"category","embeddable":true,"href":"http:\/\/www.luigiaccattoli.it\/blog\/wp-json\/wp\/v2\/categories?post=20260"},{"taxonomy":"post_tag","embeddable":true,"href":"http:\/\/www.luigiaccattoli.it\/blog\/wp-json\/wp\/v2\/tags?post=20260"}],"curies":[{"name":"wp","href":"https:\/\/api.w.org\/{rel}","templated":true}]}}