{"id":20268,"date":"2017-08-29T18:37:43","date_gmt":"2017-08-29T16:37:43","guid":{"rendered":"http:\/\/www.luigiaccattoli.it\/blog\/?p=20268"},"modified":"2017-08-29T18:40:15","modified_gmt":"2017-08-29T16:40:15","slug":"la-chiesa-non-e-piu-divisa-di-prima-e-francesco-contagia","status":"publish","type":"post","link":"http:\/\/www.luigiaccattoli.it\/blog\/la-chiesa-non-e-piu-divisa-di-prima-e-francesco-contagia\/","title":{"rendered":"La Chiesa non \u00e8 pi\u00f9 divisa di prima e Francesco contagia"},"content":{"rendered":"<p>\u00ab<a href=\"http:\/\/www.linkiesta.it\/it\/article\/2017\/08\/29\/accattoli-la-chiesa-non-e-piu-divisa-di-prima-papa-francesco-ha-capaci\/35337\/\">La Chiesa non \u00e8 pi\u00f9 divisa di prima, papa Francesco ha capacit\u00e0 contagiose<\/a>\u00bb \u00e8 il titolo di un&#8217;intervista che mi ha fatto ieri il sito Linkiesta. Nel primo commento metto il sommario dell&#8217;intervista fornito dal sito.<\/p>\n","protected":false},"excerpt":{"rendered":"<p>\u00abLa Chiesa non \u00e8 pi\u00f9 divisa di prima, papa Francesco ha capacit\u00e0 contagiose\u00bb \u00e8 il titolo di un&#8217;intervista che mi ha fatto ieri il sito Linkiesta. Nel primo commento metto&#8230;<\/p>\n<div class=\"more-link-wrapper\"><a class=\"more-link\" href=\"http:\/\/www.luigiaccattoli.it\/blog\/la-chiesa-non-e-piu-divisa-di-prima-e-francesco-contagia\/\">Read More<span class=\"screen-reader-text\">La Chiesa non \u00e8 pi\u00f9 divisa di prima e Francesco contagia<\/span><\/a><\/div>\n","protected":false},"author":1,"featured_media":0,"comment_status":"open","ping_status":"closed","sticky":false,"template":"","format":"standard","meta":{"_monsterinsights_skip_tracking":false,"_monsterinsights_sitenote_active":false,"_monsterinsights_sitenote_note":"","_monsterinsights_sitenote_category":0,"footnotes":""},"categories":[1],"tags":[],"class_list":["post-20268","post","type-post","status-publish","format-standard","hentry","category-varie","excerpt"],"_links":{"self":[{"href":"http:\/\/www.luigiaccattoli.it\/blog\/wp-json\/wp\/v2\/posts\/20268","targetHints":{"allow":["GET"]}}],"collection":[{"href":"http:\/\/www.luigiaccattoli.it\/blog\/wp-json\/wp\/v2\/posts"}],"about":[{"href":"http:\/\/www.luigiaccattoli.it\/blog\/wp-json\/wp\/v2\/types\/post"}],"author":[{"embeddable":true,"href":"http:\/\/www.luigiaccattoli.it\/blog\/wp-json\/wp\/v2\/users\/1"}],"replies":[{"embeddable":true,"href":"http:\/\/www.luigiaccattoli.it\/blog\/wp-json\/wp\/v2\/comments?post=20268"}],"version-history":[{"count":3,"href":"http:\/\/www.luigiaccattoli.it\/blog\/wp-json\/wp\/v2\/posts\/20268\/revisions"}],"predecessor-version":[{"id":20271,"href":"http:\/\/www.luigiaccattoli.it\/blog\/wp-json\/wp\/v2\/posts\/20268\/revisions\/20271"}],"wp:attachment":[{"href":"http:\/\/www.luigiaccattoli.it\/blog\/wp-json\/wp\/v2\/media?parent=20268"}],"wp:term":[{"taxonomy":"category","embeddable":true,"href":"http:\/\/www.luigiaccattoli.it\/blog\/wp-json\/wp\/v2\/categories?post=20268"},{"taxonomy":"post_tag","embeddable":true,"href":"http:\/\/www.luigiaccattoli.it\/blog\/wp-json\/wp\/v2\/tags?post=20268"}],"curies":[{"name":"wp","href":"https:\/\/api.w.org\/{rel}","templated":true}]}}