{"id":204,"date":"2006-10-06T18:35:30","date_gmt":"2006-10-06T17:35:30","guid":{"rendered":"http:\/\/www.luigiaccattoli.it\/blog\/?p=204"},"modified":"2013-10-22T17:02:22","modified_gmt":"2013-10-22T15:02:22","slug":"telepace-e-la-tentazione-di-tornare-a-verona","status":"publish","type":"post","link":"http:\/\/www.luigiaccattoli.it\/blog\/telepace-e-la-tentazione-di-tornare-a-verona\/","title":{"rendered":"Telepace e la tentazione di tornare a Verona"},"content":{"rendered":"<p><span style=\"font-family: 'Times New Roman'; font-size: small;\">Mi ero impegnato con i visitatori a cercare notizie su <em>Telepace<\/em>: che ne sia dell\u2019annuncio della cessazione dei servizi giornalistici \u201cromani&#8221; (vedi post del 4 ottobre, mio ultimo \u201ccommento&#8221;). Mi dicevo fiducioso che la crisi avrebbe potuto risolversi facendo salvi tre interessi principali: dei fruitori dell\u2019emittente, dei giornalisti che vi lavorano e del fondatore e direttore che la vorrebbe riportare al carisma originario temendone una deriva \u201cprofessionale&#8221;. Ora che mi sono informato sono meno fiducioso. I fatti innanzitutto. Gioved\u00ec 5 ottobre il direttore e fondatore di <em>Telepace<\/em>, il prete veronese Guido Todeschini, informava la redazione romana della &#8220;cessazione a partire da luned\u00ec 9 ottobre dell\u2019attivit\u00e0 redazionale e dei connessi contenuti informativi&#8221;. Vuol dire che da luned\u00ec <em>Telepace<\/em> non avr\u00e0 pi\u00f9 il tg e altri programmi di informazione giornalistica prodotti dalla redazione romana, come \u201cspeciali&#8221; e interviste. Ma l\u2019emittente non chiude: continueranno le dirette papali, magari con altri conduttori, i fili diretti di don Guido, la rubrica delle recensioni nonch\u00e9 i servizi prodotti dalla redazione centrale di Verona, o inviati dai corrispondenti in giro per il mondo. Tra le ragioni fatte valere da Todeschini ci sarebbe <\/span><span style=\"font-size: small;\"><span style=\"font-family: 'Times New Roman';\">una diminuzione delle \u201cofferte&#8221; provenienti dai benefattori e la conseguente necessit\u00e0\u00a0di restringersi all\u2019essenziale, che era .poi l\u2019attivit\u00e0 originaria di <em>Telepace<\/em> prima dell\u2019ampliamento \u201cprofessionale&#8221;. Ma dietro a tutto c\u2019\u00e8 la rivendicazione da parte dei quattro colleghi della redazione romana di un pieno rispetto del contratto giornalistico e la convinzione di don Guido che ci\u00f2 non si possa attuare senza snaturare il carattere ecclesiale dell\u2019emittente e che sia dunque necessario un drastico recupero della dimensione pi\u00f9 sobria dei tempi eroici. Conoscendo bene le persone coinvolte e la loro decisione di andare fino in fondo, temo che un compromesso sia difficile da raggiungere: sia don Guido, sia Piero Schiavazzi \u2013 il portavoce della redazione romana \u2013 sono pi\u00f9 combattivi che mai. Auguro alle due parti di potersi spiegare e comprendere, ma temo che non avverr\u00e0. Penso che don Guido sar\u00e0 irremovibile e che i colleghi si rivolgeranno alla magistratura. Immagino che\u00a0<em>Telepace<\/em> preferir\u00e0\u00a0pagare loro un indennizzo, piuttosto che rivedere la decisione.\u00a0\u00a0\u00a0 <\/span><\/span><\/p>\n","protected":false},"excerpt":{"rendered":"<p>Mi ero impegnato con i visitatori a cercare notizie su Telepace: che ne sia dell\u2019annuncio della cessazione dei servizi giornalistici \u201cromani&#8221; (vedi post del 4 ottobre, mio ultimo \u201ccommento&#8221;). Mi&#8230;<\/p>\n<div class=\"more-link-wrapper\"><a class=\"more-link\" href=\"http:\/\/www.luigiaccattoli.it\/blog\/telepace-e-la-tentazione-di-tornare-a-verona\/\">Read More<span class=\"screen-reader-text\">Telepace e la tentazione di tornare a Verona<\/span><\/a><\/div>\n","protected":false},"author":1,"featured_media":0,"comment_status":"open","ping_status":"closed","sticky":false,"template":"","format":"standard","meta":{"_monsterinsights_skip_tracking":false,"_monsterinsights_sitenote_active":false,"_monsterinsights_sitenote_note":"","_monsterinsights_sitenote_category":0,"footnotes":""},"categories":[1],"tags":[],"class_list":["post-204","post","type-post","status-publish","format-standard","hentry","category-varie","excerpt"],"_links":{"self":[{"href":"http:\/\/www.luigiaccattoli.it\/blog\/wp-json\/wp\/v2\/posts\/204","targetHints":{"allow":["GET"]}}],"collection":[{"href":"http:\/\/www.luigiaccattoli.it\/blog\/wp-json\/wp\/v2\/posts"}],"about":[{"href":"http:\/\/www.luigiaccattoli.it\/blog\/wp-json\/wp\/v2\/types\/post"}],"author":[{"embeddable":true,"href":"http:\/\/www.luigiaccattoli.it\/blog\/wp-json\/wp\/v2\/users\/1"}],"replies":[{"embeddable":true,"href":"http:\/\/www.luigiaccattoli.it\/blog\/wp-json\/wp\/v2\/comments?post=204"}],"version-history":[{"count":2,"href":"http:\/\/www.luigiaccattoli.it\/blog\/wp-json\/wp\/v2\/posts\/204\/revisions"}],"predecessor-version":[{"id":12806,"href":"http:\/\/www.luigiaccattoli.it\/blog\/wp-json\/wp\/v2\/posts\/204\/revisions\/12806"}],"wp:attachment":[{"href":"http:\/\/www.luigiaccattoli.it\/blog\/wp-json\/wp\/v2\/media?parent=204"}],"wp:term":[{"taxonomy":"category","embeddable":true,"href":"http:\/\/www.luigiaccattoli.it\/blog\/wp-json\/wp\/v2\/categories?post=204"},{"taxonomy":"post_tag","embeddable":true,"href":"http:\/\/www.luigiaccattoli.it\/blog\/wp-json\/wp\/v2\/tags?post=204"}],"curies":[{"name":"wp","href":"https:\/\/api.w.org\/{rel}","templated":true}]}}