{"id":22417,"date":"2018-12-06T22:37:29","date_gmt":"2018-12-06T21:37:29","guid":{"rendered":"http:\/\/www.luigiaccattoli.it\/blog\/?p=22417"},"modified":"2018-12-06T22:37:29","modified_gmt":"2018-12-06T21:37:29","slug":"i-martiri-dalgeria-e-il-papa-in-marocco-e-negli-emirati","status":"publish","type":"post","link":"http:\/\/www.luigiaccattoli.it\/blog\/i-martiri-dalgeria-e-il-papa-in-marocco-e-negli-emirati\/","title":{"rendered":"I martiri d&#8217;Algeria e il Papa in Marocco e negli Emirati"},"content":{"rendered":"<p>Oggi \u00e8 venuto l&#8217;annuncio che Francesco dal 3 al 5 febbraio sar\u00e0 ad Abu Dhabi (Emirati Arabi Uniti) e gi\u00e0 era ufficiale la notizia che il 30 e 31 marzo sar\u00e0 in Marocco. Pi\u00f9 importante di questi annunci \u00e8 quello della beatificazione di 19 martiri algerini, sabato 8, a Oran. Per mie circostanze non posso approfondire questi eventi come meriterebbero ma li registro e nei commenti dico in breve l&#8217;importanza che hanno o possono avere.<\/p>\n","protected":false},"excerpt":{"rendered":"<p>Oggi \u00e8 venuto l&#8217;annuncio che Francesco dal 3 al 5 febbraio sar\u00e0 ad Abu Dhabi (Emirati Arabi Uniti) e gi\u00e0 era ufficiale la notizia che il 30 e 31 marzo&#8230;<\/p>\n<div class=\"more-link-wrapper\"><a class=\"more-link\" href=\"http:\/\/www.luigiaccattoli.it\/blog\/i-martiri-dalgeria-e-il-papa-in-marocco-e-negli-emirati\/\">Read More<span class=\"screen-reader-text\">I martiri d&#8217;Algeria e il Papa in Marocco e negli Emirati<\/span><\/a><\/div>\n","protected":false},"author":1,"featured_media":0,"comment_status":"open","ping_status":"closed","sticky":false,"template":"","format":"standard","meta":{"_monsterinsights_skip_tracking":false,"_monsterinsights_sitenote_active":false,"_monsterinsights_sitenote_note":"","_monsterinsights_sitenote_category":0,"footnotes":""},"categories":[1],"tags":[],"class_list":["post-22417","post","type-post","status-publish","format-standard","hentry","category-varie","excerpt"],"_links":{"self":[{"href":"http:\/\/www.luigiaccattoli.it\/blog\/wp-json\/wp\/v2\/posts\/22417","targetHints":{"allow":["GET"]}}],"collection":[{"href":"http:\/\/www.luigiaccattoli.it\/blog\/wp-json\/wp\/v2\/posts"}],"about":[{"href":"http:\/\/www.luigiaccattoli.it\/blog\/wp-json\/wp\/v2\/types\/post"}],"author":[{"embeddable":true,"href":"http:\/\/www.luigiaccattoli.it\/blog\/wp-json\/wp\/v2\/users\/1"}],"replies":[{"embeddable":true,"href":"http:\/\/www.luigiaccattoli.it\/blog\/wp-json\/wp\/v2\/comments?post=22417"}],"version-history":[{"count":1,"href":"http:\/\/www.luigiaccattoli.it\/blog\/wp-json\/wp\/v2\/posts\/22417\/revisions"}],"predecessor-version":[{"id":22418,"href":"http:\/\/www.luigiaccattoli.it\/blog\/wp-json\/wp\/v2\/posts\/22417\/revisions\/22418"}],"wp:attachment":[{"href":"http:\/\/www.luigiaccattoli.it\/blog\/wp-json\/wp\/v2\/media?parent=22417"}],"wp:term":[{"taxonomy":"category","embeddable":true,"href":"http:\/\/www.luigiaccattoli.it\/blog\/wp-json\/wp\/v2\/categories?post=22417"},{"taxonomy":"post_tag","embeddable":true,"href":"http:\/\/www.luigiaccattoli.it\/blog\/wp-json\/wp\/v2\/tags?post=22417"}],"curies":[{"name":"wp","href":"https:\/\/api.w.org\/{rel}","templated":true}]}}