{"id":22831,"date":"2019-04-13T15:41:08","date_gmt":"2019-04-13T13:41:08","guid":{"rendered":"http:\/\/www.luigiaccattoli.it\/blog\/?p=22831"},"modified":"2019-04-14T22:50:44","modified_gmt":"2019-04-14T20:50:44","slug":"trovo-buono-che-benedetto-abbia-detto-la-sua-sugli-abusi","status":"publish","type":"post","link":"http:\/\/www.luigiaccattoli.it\/blog\/trovo-buono-che-benedetto-abbia-detto-la-sua-sugli-abusi\/","title":{"rendered":"Trovo buono che Benedetto abbia detto la sua sugli abusi"},"content":{"rendered":"<p>\u201cNon era meglio se il Papa emerito taceva invece di fare il controcanto a Bergoglio sugli abusi?\u201d E\u2019 una domanda che mi \u00e8 stata fatta ieri a Perugia a un \u201cseminario\u201d su Papa Francesco organizzato dal Dipartimento di giurisprudenza, cattedra \u201cLaw and Religion\u201d di Silvia Angeletti. Ho risposto che no, che \u00e8 bene che parli e che la sua libert\u00e0 di parola \u00e8 in definitiva conforme alla \u201cconversione del Papato\u201d perseguita da Francesco, che punta sulla manifestazione delle opinioni e dei contrasti e non sul loro nascondimento. Nei commenti l\u2019intera risposta e altro.<\/p>\n","protected":false},"excerpt":{"rendered":"<p>\u201cNon era meglio se il Papa emerito taceva invece di fare il controcanto a Bergoglio sugli abusi?\u201d E\u2019 una domanda che mi \u00e8 stata fatta ieri a Perugia a un&#8230;<\/p>\n<div class=\"more-link-wrapper\"><a class=\"more-link\" href=\"http:\/\/www.luigiaccattoli.it\/blog\/trovo-buono-che-benedetto-abbia-detto-la-sua-sugli-abusi\/\">Read More<span class=\"screen-reader-text\">Trovo buono che Benedetto abbia detto la sua sugli abusi<\/span><\/a><\/div>\n","protected":false},"author":1,"featured_media":0,"comment_status":"open","ping_status":"closed","sticky":false,"template":"","format":"standard","meta":{"_monsterinsights_skip_tracking":false,"_monsterinsights_sitenote_active":false,"_monsterinsights_sitenote_note":"","_monsterinsights_sitenote_category":0,"footnotes":""},"categories":[1],"tags":[],"class_list":["post-22831","post","type-post","status-publish","format-standard","hentry","category-varie","excerpt"],"_links":{"self":[{"href":"http:\/\/www.luigiaccattoli.it\/blog\/wp-json\/wp\/v2\/posts\/22831","targetHints":{"allow":["GET"]}}],"collection":[{"href":"http:\/\/www.luigiaccattoli.it\/blog\/wp-json\/wp\/v2\/posts"}],"about":[{"href":"http:\/\/www.luigiaccattoli.it\/blog\/wp-json\/wp\/v2\/types\/post"}],"author":[{"embeddable":true,"href":"http:\/\/www.luigiaccattoli.it\/blog\/wp-json\/wp\/v2\/users\/1"}],"replies":[{"embeddable":true,"href":"http:\/\/www.luigiaccattoli.it\/blog\/wp-json\/wp\/v2\/comments?post=22831"}],"version-history":[{"count":2,"href":"http:\/\/www.luigiaccattoli.it\/blog\/wp-json\/wp\/v2\/posts\/22831\/revisions"}],"predecessor-version":[{"id":22840,"href":"http:\/\/www.luigiaccattoli.it\/blog\/wp-json\/wp\/v2\/posts\/22831\/revisions\/22840"}],"wp:attachment":[{"href":"http:\/\/www.luigiaccattoli.it\/blog\/wp-json\/wp\/v2\/media?parent=22831"}],"wp:term":[{"taxonomy":"category","embeddable":true,"href":"http:\/\/www.luigiaccattoli.it\/blog\/wp-json\/wp\/v2\/categories?post=22831"},{"taxonomy":"post_tag","embeddable":true,"href":"http:\/\/www.luigiaccattoli.it\/blog\/wp-json\/wp\/v2\/tags?post=22831"}],"curies":[{"name":"wp","href":"https:\/\/api.w.org\/{rel}","templated":true}]}}