{"id":22919,"date":"2019-04-30T23:18:24","date_gmt":"2019-04-30T21:18:24","guid":{"rendered":"http:\/\/www.luigiaccattoli.it\/blog\/?p=22919"},"modified":"2019-04-30T23:24:38","modified_gmt":"2019-04-30T21:24:38","slug":"ancora-sul-papa-emerito-che-prende-la-parola","status":"publish","type":"post","link":"http:\/\/www.luigiaccattoli.it\/blog\/ancora-sul-papa-emerito-che-prende-la-parola\/","title":{"rendered":"Ancora sul Papa emerito che prende la parola"},"content":{"rendered":"<p>Un collega mi critica per aver difeso il diritto del Papa emerito di intervenire sulle questioni disputate [<a href=\"http:\/\/www.luigiaccattoli.it\/blog\/trovo-buono-che-benedetto-abbia-detto-la-sua-sugli-abusi\/\">vedi post del 13 aprile<\/a>] e invoca la norma canonica sui vescovi emeriti. Osservo che quella norma riguarda la &#8220;guida della diocesi&#8221; e non la possibilit\u00e0 di esprimere un&#8217;opinione su questioni generali e affermo che cos\u00ec \u00e8 stata fino a oggi interpretata. Mi chiede esempi e io indico gli emeriti arcivescovi di Milano e cardinali Martini e Tettamanzi. Nei commenti il dettaglio della norma e dei due esempi da me addotti.<\/p>\n","protected":false},"excerpt":{"rendered":"<p>Un collega mi critica per aver difeso il diritto del Papa emerito di intervenire sulle questioni disputate [vedi post del 13 aprile] e invoca la norma canonica sui vescovi emeriti.&#8230;<\/p>\n<div class=\"more-link-wrapper\"><a class=\"more-link\" href=\"http:\/\/www.luigiaccattoli.it\/blog\/ancora-sul-papa-emerito-che-prende-la-parola\/\">Read More<span class=\"screen-reader-text\">Ancora sul Papa emerito che prende la parola<\/span><\/a><\/div>\n","protected":false},"author":1,"featured_media":0,"comment_status":"open","ping_status":"closed","sticky":false,"template":"","format":"standard","meta":{"_monsterinsights_skip_tracking":false,"_monsterinsights_sitenote_active":false,"_monsterinsights_sitenote_note":"","_monsterinsights_sitenote_category":0,"footnotes":""},"categories":[1],"tags":[],"class_list":["post-22919","post","type-post","status-publish","format-standard","hentry","category-varie","excerpt"],"_links":{"self":[{"href":"http:\/\/www.luigiaccattoli.it\/blog\/wp-json\/wp\/v2\/posts\/22919","targetHints":{"allow":["GET"]}}],"collection":[{"href":"http:\/\/www.luigiaccattoli.it\/blog\/wp-json\/wp\/v2\/posts"}],"about":[{"href":"http:\/\/www.luigiaccattoli.it\/blog\/wp-json\/wp\/v2\/types\/post"}],"author":[{"embeddable":true,"href":"http:\/\/www.luigiaccattoli.it\/blog\/wp-json\/wp\/v2\/users\/1"}],"replies":[{"embeddable":true,"href":"http:\/\/www.luigiaccattoli.it\/blog\/wp-json\/wp\/v2\/comments?post=22919"}],"version-history":[{"count":4,"href":"http:\/\/www.luigiaccattoli.it\/blog\/wp-json\/wp\/v2\/posts\/22919\/revisions"}],"predecessor-version":[{"id":22923,"href":"http:\/\/www.luigiaccattoli.it\/blog\/wp-json\/wp\/v2\/posts\/22919\/revisions\/22923"}],"wp:attachment":[{"href":"http:\/\/www.luigiaccattoli.it\/blog\/wp-json\/wp\/v2\/media?parent=22919"}],"wp:term":[{"taxonomy":"category","embeddable":true,"href":"http:\/\/www.luigiaccattoli.it\/blog\/wp-json\/wp\/v2\/categories?post=22919"},{"taxonomy":"post_tag","embeddable":true,"href":"http:\/\/www.luigiaccattoli.it\/blog\/wp-json\/wp\/v2\/tags?post=22919"}],"curies":[{"name":"wp","href":"https:\/\/api.w.org\/{rel}","templated":true}]}}