{"id":23213,"date":"2019-07-26T13:26:14","date_gmt":"2019-07-26T11:26:14","guid":{"rendered":"http:\/\/www.luigiaccattoli.it\/blog\/?p=23213"},"modified":"2019-07-26T13:33:25","modified_gmt":"2019-07-26T11:33:25","slug":"papa-benedetto-in-gita-ai-castelli-ottima-notizia","status":"publish","type":"post","link":"http:\/\/www.luigiaccattoli.it\/blog\/papa-benedetto-in-gita-ai-castelli-ottima-notizia\/","title":{"rendered":"Papa Benedetto in gita ai Castelli: ottima notizia"},"content":{"rendered":"<p>Il nuovo portavoce vaticano ha informato che ieri il Papa emerito ha fatto una gita ai Castelli, tra Albano e Frascati, restando fuori dal Vaticano per sei ore e cenando nell&#8217;abitazione del vescovo di Frascati. E&#8217; la prima volta di un&#8217;uscita cos\u00ec lunga dell&#8217;Emerito dal Vaticano, da quando vi rientr\u00f2 dopo il soggiorno iniziale a Castel Gandolfo, all&#8217;indomani della rinuncia. Un&#8217;ottima notizia: dice che il caro Benedetto sta bene e che gli \u00e8 garantita e continua a prendersi quella libert\u00e0 che ultimamente aveva allarmato i pi\u00f9 sensitivi tra gli osservatori romani. Nel primo commento l&#8217;intera dichiarazione del portavoce. <\/p>\n","protected":false},"excerpt":{"rendered":"<p>Il nuovo portavoce vaticano ha informato che ieri il Papa emerito ha fatto una gita ai Castelli, tra Albano e Frascati, restando fuori dal Vaticano per sei ore e cenando&#8230;<\/p>\n<div class=\"more-link-wrapper\"><a class=\"more-link\" href=\"http:\/\/www.luigiaccattoli.it\/blog\/papa-benedetto-in-gita-ai-castelli-ottima-notizia\/\">Read More<span class=\"screen-reader-text\">Papa Benedetto in gita ai Castelli: ottima notizia<\/span><\/a><\/div>\n","protected":false},"author":1,"featured_media":0,"comment_status":"open","ping_status":"closed","sticky":false,"template":"","format":"standard","meta":{"_monsterinsights_skip_tracking":false,"_monsterinsights_sitenote_active":false,"_monsterinsights_sitenote_note":"","_monsterinsights_sitenote_category":0,"footnotes":""},"categories":[1],"tags":[],"class_list":["post-23213","post","type-post","status-publish","format-standard","hentry","category-varie","excerpt"],"_links":{"self":[{"href":"http:\/\/www.luigiaccattoli.it\/blog\/wp-json\/wp\/v2\/posts\/23213","targetHints":{"allow":["GET"]}}],"collection":[{"href":"http:\/\/www.luigiaccattoli.it\/blog\/wp-json\/wp\/v2\/posts"}],"about":[{"href":"http:\/\/www.luigiaccattoli.it\/blog\/wp-json\/wp\/v2\/types\/post"}],"author":[{"embeddable":true,"href":"http:\/\/www.luigiaccattoli.it\/blog\/wp-json\/wp\/v2\/users\/1"}],"replies":[{"embeddable":true,"href":"http:\/\/www.luigiaccattoli.it\/blog\/wp-json\/wp\/v2\/comments?post=23213"}],"version-history":[{"count":3,"href":"http:\/\/www.luigiaccattoli.it\/blog\/wp-json\/wp\/v2\/posts\/23213\/revisions"}],"predecessor-version":[{"id":23216,"href":"http:\/\/www.luigiaccattoli.it\/blog\/wp-json\/wp\/v2\/posts\/23213\/revisions\/23216"}],"wp:attachment":[{"href":"http:\/\/www.luigiaccattoli.it\/blog\/wp-json\/wp\/v2\/media?parent=23213"}],"wp:term":[{"taxonomy":"category","embeddable":true,"href":"http:\/\/www.luigiaccattoli.it\/blog\/wp-json\/wp\/v2\/categories?post=23213"},{"taxonomy":"post_tag","embeddable":true,"href":"http:\/\/www.luigiaccattoli.it\/blog\/wp-json\/wp\/v2\/tags?post=23213"}],"curies":[{"name":"wp","href":"https:\/\/api.w.org\/{rel}","templated":true}]}}