{"id":23363,"date":"2019-09-07T17:44:02","date_gmt":"2019-09-07T15:44:02","guid":{"rendered":"http:\/\/www.luigiaccattoli.it\/blog\/?p=23363"},"modified":"2019-09-07T17:44:02","modified_gmt":"2019-09-07T15:44:02","slug":"francesco-il-signore-non-ci-chiama-col-nostro-peccato","status":"publish","type":"post","link":"http:\/\/www.luigiaccattoli.it\/blog\/francesco-il-signore-non-ci-chiama-col-nostro-peccato\/","title":{"rendered":"Francesco: &#8220;Il Signore non ci chiama col nostro peccato&#8221;"},"content":{"rendered":"<p>&#8220;Il Signore non ci chiama col nostro peccato, ci chiama per nome e ci dice: seguimi\u201d. Sono parole che il Papa ha appena detto ai giovani del Madagascar, ad Antananarivo. Da esse parto per un&#8217;antologia della predicazione che ha svolto oggi, ieri e l&#8217;altro ieri, nei primi tre giorni del viaggio in Mozambico, Madagascar e Maurizio per il quale Francesco \u00e8 partito mercoled\u00ec 4 settembre e dal quale torner\u00e0 marted\u00ec 10.<\/p>\n","protected":false},"excerpt":{"rendered":"<p>&#8220;Il Signore non ci chiama col nostro peccato, ci chiama per nome e ci dice: seguimi\u201d. Sono parole che il Papa ha appena detto ai giovani del Madagascar, ad Antananarivo.&#8230;<\/p>\n<div class=\"more-link-wrapper\"><a class=\"more-link\" href=\"http:\/\/www.luigiaccattoli.it\/blog\/francesco-il-signore-non-ci-chiama-col-nostro-peccato\/\">Read More<span class=\"screen-reader-text\">Francesco: &#8220;Il Signore non ci chiama col nostro peccato&#8221;<\/span><\/a><\/div>\n","protected":false},"author":1,"featured_media":0,"comment_status":"open","ping_status":"closed","sticky":false,"template":"","format":"standard","meta":{"_monsterinsights_skip_tracking":false,"_monsterinsights_sitenote_active":false,"_monsterinsights_sitenote_note":"","_monsterinsights_sitenote_category":0,"footnotes":""},"categories":[1],"tags":[],"class_list":["post-23363","post","type-post","status-publish","format-standard","hentry","category-varie","excerpt"],"_links":{"self":[{"href":"http:\/\/www.luigiaccattoli.it\/blog\/wp-json\/wp\/v2\/posts\/23363","targetHints":{"allow":["GET"]}}],"collection":[{"href":"http:\/\/www.luigiaccattoli.it\/blog\/wp-json\/wp\/v2\/posts"}],"about":[{"href":"http:\/\/www.luigiaccattoli.it\/blog\/wp-json\/wp\/v2\/types\/post"}],"author":[{"embeddable":true,"href":"http:\/\/www.luigiaccattoli.it\/blog\/wp-json\/wp\/v2\/users\/1"}],"replies":[{"embeddable":true,"href":"http:\/\/www.luigiaccattoli.it\/blog\/wp-json\/wp\/v2\/comments?post=23363"}],"version-history":[{"count":1,"href":"http:\/\/www.luigiaccattoli.it\/blog\/wp-json\/wp\/v2\/posts\/23363\/revisions"}],"predecessor-version":[{"id":23364,"href":"http:\/\/www.luigiaccattoli.it\/blog\/wp-json\/wp\/v2\/posts\/23363\/revisions\/23364"}],"wp:attachment":[{"href":"http:\/\/www.luigiaccattoli.it\/blog\/wp-json\/wp\/v2\/media?parent=23363"}],"wp:term":[{"taxonomy":"category","embeddable":true,"href":"http:\/\/www.luigiaccattoli.it\/blog\/wp-json\/wp\/v2\/categories?post=23363"},{"taxonomy":"post_tag","embeddable":true,"href":"http:\/\/www.luigiaccattoli.it\/blog\/wp-json\/wp\/v2\/tags?post=23363"}],"curies":[{"name":"wp","href":"https:\/\/api.w.org\/{rel}","templated":true}]}}