{"id":23368,"date":"2019-09-08T22:17:49","date_gmt":"2019-09-08T20:17:49","guid":{"rendered":"http:\/\/www.luigiaccattoli.it\/blog\/?p=23368"},"modified":"2019-09-08T22:25:32","modified_gmt":"2019-09-08T20:25:32","slug":"lunedi-9-in-mattinata-sono-a-tv2000-per-il-papa-in-viaggio","status":"publish","type":"post","link":"http:\/\/www.luigiaccattoli.it\/blog\/lunedi-9-in-mattinata-sono-a-tv2000-per-il-papa-in-viaggio\/","title":{"rendered":"Luned\u00ec 9 mattina sono a TV2000 per il Papa in viaggio"},"content":{"rendered":"<p>Domani lungo l&#8217;intera mattinata sono in studio a TV2000 per le dirette del Papa da Maurizio, ultima tappa del viaggio di cinque giorni che l&#8217;ha gi\u00e0 portato nel Mozambico dell&#8217;aids e della lunga guerriglia e nel Madagascar dell&#8217;estrema povert\u00e0. Oggi sar\u00e0 a Maurizio. Marted\u00ec rientra a Roma. Nei commenti al post precedente ho riportato alcuni passaggi della predicazione svolta da Francesco tra gioved\u00ec e ieri. Nel primo commento a questo post dico la mia percezione d&#8217;insieme della trasferta: il Papa dei poveri nei paesi pi\u00f9 poveri.<\/p>\n","protected":false},"excerpt":{"rendered":"<p>Domani lungo l&#8217;intera mattinata sono in studio a TV2000 per le dirette del Papa da Maurizio, ultima tappa del viaggio di cinque giorni che l&#8217;ha gi\u00e0 portato nel Mozambico dell&#8217;aids&#8230;<\/p>\n<div class=\"more-link-wrapper\"><a class=\"more-link\" href=\"http:\/\/www.luigiaccattoli.it\/blog\/lunedi-9-in-mattinata-sono-a-tv2000-per-il-papa-in-viaggio\/\">Read More<span class=\"screen-reader-text\">Luned\u00ec 9 mattina sono a TV2000 per il Papa in viaggio<\/span><\/a><\/div>\n","protected":false},"author":1,"featured_media":0,"comment_status":"open","ping_status":"closed","sticky":false,"template":"","format":"standard","meta":{"_monsterinsights_skip_tracking":false,"_monsterinsights_sitenote_active":false,"_monsterinsights_sitenote_note":"","_monsterinsights_sitenote_category":0,"footnotes":""},"categories":[1],"tags":[],"class_list":["post-23368","post","type-post","status-publish","format-standard","hentry","category-varie","excerpt"],"_links":{"self":[{"href":"http:\/\/www.luigiaccattoli.it\/blog\/wp-json\/wp\/v2\/posts\/23368","targetHints":{"allow":["GET"]}}],"collection":[{"href":"http:\/\/www.luigiaccattoli.it\/blog\/wp-json\/wp\/v2\/posts"}],"about":[{"href":"http:\/\/www.luigiaccattoli.it\/blog\/wp-json\/wp\/v2\/types\/post"}],"author":[{"embeddable":true,"href":"http:\/\/www.luigiaccattoli.it\/blog\/wp-json\/wp\/v2\/users\/1"}],"replies":[{"embeddable":true,"href":"http:\/\/www.luigiaccattoli.it\/blog\/wp-json\/wp\/v2\/comments?post=23368"}],"version-history":[{"count":4,"href":"http:\/\/www.luigiaccattoli.it\/blog\/wp-json\/wp\/v2\/posts\/23368\/revisions"}],"predecessor-version":[{"id":23372,"href":"http:\/\/www.luigiaccattoli.it\/blog\/wp-json\/wp\/v2\/posts\/23368\/revisions\/23372"}],"wp:attachment":[{"href":"http:\/\/www.luigiaccattoli.it\/blog\/wp-json\/wp\/v2\/media?parent=23368"}],"wp:term":[{"taxonomy":"category","embeddable":true,"href":"http:\/\/www.luigiaccattoli.it\/blog\/wp-json\/wp\/v2\/categories?post=23368"},{"taxonomy":"post_tag","embeddable":true,"href":"http:\/\/www.luigiaccattoli.it\/blog\/wp-json\/wp\/v2\/tags?post=23368"}],"curies":[{"name":"wp","href":"https:\/\/api.w.org\/{rel}","templated":true}]}}