{"id":2338,"date":"2009-10-11T20:26:03","date_gmt":"2009-10-11T18:26:03","guid":{"rendered":"http:\/\/www.luigiaccattoli.it\/blog\/?p=2338"},"modified":"2009-10-11T20:36:22","modified_gmt":"2009-10-11T18:36:22","slug":"a-cena-con-cardini-parlando-di-silvio-e-di-benito","status":"publish","type":"post","link":"http:\/\/www.luigiaccattoli.it\/blog\/a-cena-con-cardini-parlando-di-silvio-e-di-benito\/","title":{"rendered":"A cena con Cardini parlando di Silvio e di Benito"},"content":{"rendered":"<p>Alla Verna per un convegno del Circolo di Arezzo VERSO L&#8217;EUROPA ho la fortuna di sedere a cena, nel refettorio dei frati, accanto a Franco Cardini che mi regala il suo ultimo volume di saggi francescani NELLA PRESENZA DEL SOLDAN SUPERBA (Fondazione Centro italiano di studi sull&#8217;Alto Medioevo &#8211; Spoleto). Parliamo di tutto in libert\u00e0. In Cardini ammiro l&#8217;uscita dagli schemi per passione e intelligenza. Io sono pi\u00f9 timorato ma anche a me piace provarci. Insieme facciamo faville. &#8220;Ma che sta succedendo&#8221;, ci chiediamo. &#8220;Il Berlusca d\u00e0 di matto? O \u00e8 solo lo stress della gogna mediatica? Il migliore capo di governo dell\u00ec&#8217;Italia unita: ma te lo dici da solo? Aspetta che te lo dicano gli altri. E Cavour e Giolitti e De Gasperi? Ma anche Fanfani e Moro. E Mussolini dove lo mettiamo? Ha fatto errori madornali ed \u00e8 arrivato alla dittatura, ma ha governato eccome e per vent&#8217;anni. Dunque il nostro sta pazziando, non c&#8217;\u00e8 rimedio. Ma \u00e8 verissimo che nel panorama attuale giganteggia. Dove sono gli antagonisti? Magari Fini e Tremonti dalla sua parte, ma certo Casini, Franceschini, D&#8217;Alema stanno assai pi\u00f9 in basso &#8211; e come e dove sono finiti Fassino e Prodi?&#8221; Ci siamo sfogati dando sulla voce l&#8217;uno all&#8217;altro e alla fine &#8211; mezzo brilli &#8211; ci siano augurati che Silvio rinsavisca e che i media lo rispettino e che gli avversari crescano: &#8220;Perch\u00e8 questo \u00e8 il problema&#8221;. Bella serata. <\/p>\n","protected":false},"excerpt":{"rendered":"<p>Alla Verna per un convegno del Circolo di Arezzo VERSO L&#8217;EUROPA ho la fortuna di sedere a cena, nel refettorio dei frati, accanto a Franco Cardini che mi regala il&#8230;<\/p>\n<div class=\"more-link-wrapper\"><a class=\"more-link\" href=\"http:\/\/www.luigiaccattoli.it\/blog\/a-cena-con-cardini-parlando-di-silvio-e-di-benito\/\">Read More<span class=\"screen-reader-text\">A cena con Cardini parlando di Silvio e di Benito<\/span><\/a><\/div>\n","protected":false},"author":1,"featured_media":0,"comment_status":"open","ping_status":"closed","sticky":false,"template":"","format":"standard","meta":{"_monsterinsights_skip_tracking":false,"_monsterinsights_sitenote_active":false,"_monsterinsights_sitenote_note":"","_monsterinsights_sitenote_category":0,"footnotes":""},"categories":[1],"tags":[],"class_list":["post-2338","post","type-post","status-publish","format-standard","hentry","category-varie","excerpt"],"_links":{"self":[{"href":"http:\/\/www.luigiaccattoli.it\/blog\/wp-json\/wp\/v2\/posts\/2338","targetHints":{"allow":["GET"]}}],"collection":[{"href":"http:\/\/www.luigiaccattoli.it\/blog\/wp-json\/wp\/v2\/posts"}],"about":[{"href":"http:\/\/www.luigiaccattoli.it\/blog\/wp-json\/wp\/v2\/types\/post"}],"author":[{"embeddable":true,"href":"http:\/\/www.luigiaccattoli.it\/blog\/wp-json\/wp\/v2\/users\/1"}],"replies":[{"embeddable":true,"href":"http:\/\/www.luigiaccattoli.it\/blog\/wp-json\/wp\/v2\/comments?post=2338"}],"version-history":[{"count":6,"href":"http:\/\/www.luigiaccattoli.it\/blog\/wp-json\/wp\/v2\/posts\/2338\/revisions"}],"predecessor-version":[{"id":2340,"href":"http:\/\/www.luigiaccattoli.it\/blog\/wp-json\/wp\/v2\/posts\/2338\/revisions\/2340"}],"wp:attachment":[{"href":"http:\/\/www.luigiaccattoli.it\/blog\/wp-json\/wp\/v2\/media?parent=2338"}],"wp:term":[{"taxonomy":"category","embeddable":true,"href":"http:\/\/www.luigiaccattoli.it\/blog\/wp-json\/wp\/v2\/categories?post=2338"},{"taxonomy":"post_tag","embeddable":true,"href":"http:\/\/www.luigiaccattoli.it\/blog\/wp-json\/wp\/v2\/tags?post=2338"}],"curies":[{"name":"wp","href":"https:\/\/api.w.org\/{rel}","templated":true}]}}