{"id":2348,"date":"2009-10-12T18:17:48","date_gmt":"2009-10-12T16:17:48","guid":{"rendered":"http:\/\/www.luigiaccattoli.it\/blog\/?p=2348"},"modified":"2009-10-12T18:30:08","modified_gmt":"2009-10-12T16:30:08","slug":"maria-di-magdala-finalmente-al-centro","status":"publish","type":"post","link":"http:\/\/www.luigiaccattoli.it\/blog\/maria-di-magdala-finalmente-al-centro\/","title":{"rendered":"Maria di Magdala finalmente al centro"},"content":{"rendered":"<p>Ad Arezzo (vedi il primo post dell&#8217;11 ottobre) ci si va anche per incantamento davanti alle tavole e agli affreschi. Ed ecco che vedo per la prima volta il Cristo di Cimabue in San Domenico e per la decima volta &#8211; forse &#8211; la Maddalena di Piero in Duomo, accanto alla porta della sacrestia. Ma stavolta, in San Francesco, ho fatto una scoperta che vale tutti i miei viaggi nella citt\u00e0 del Petrarca, che sono tanti perch\u00e8 ad Arezzo devi passare per salire a Camaldoli e alla Verna: una Pentecoste con Maria di Magdala al centro della Chiesa nascente. Una scoperta solo per la mia ignoranza, si capisce, ch\u00e8 l&#8217;affresco \u00e8 l\u00ec, alla giusta altezza e in piena luce, attirante l&#8217;occhio anche pi\u00f9 svagato. Ma nella fretta mai l&#8217;avevo colto. Dico dunque al visitatore dove si deve girare: a met\u00e0 della parete sinistra della basilica, tra la seconda e la terza cappella, sotto alle due alte bifore. Ci sono i dodici ben allineati, sei di qua e sei di l\u00e0, con al centro Maria di Nazaret e Maria di Magdala, e sopra la colomba dello Spirito. Maria di Nazaret ha il manto azzurro sul vestito rosso, Maria di Magdala le sta accanto a rima alternata: con il manto rosso sul vestito azzurro. Le mani aperte della nazarena e quelle accostate della magdalena. Due donne forti, pari in dignit\u00e0 e quasi a specchio l&#8217;una dell&#8217;altra. Bella immagine di Chiesa con le donne al centro. L&#8217;unica che io conosca. Chi sa me ne segnali altre che le voglio raccogliere. Il motivo del mio entusiasmo lo trovi spiegato nei post del 27 e 30 marzo di quest&#8217;anno. <\/p>\n","protected":false},"excerpt":{"rendered":"<p>Ad Arezzo (vedi il primo post dell&#8217;11 ottobre) ci si va anche per incantamento davanti alle tavole e agli affreschi. Ed ecco che vedo per la prima volta il Cristo&#8230;<\/p>\n<div class=\"more-link-wrapper\"><a class=\"more-link\" href=\"http:\/\/www.luigiaccattoli.it\/blog\/maria-di-magdala-finalmente-al-centro\/\">Read More<span class=\"screen-reader-text\">Maria di Magdala finalmente al centro<\/span><\/a><\/div>\n","protected":false},"author":1,"featured_media":0,"comment_status":"open","ping_status":"closed","sticky":false,"template":"","format":"standard","meta":{"_monsterinsights_skip_tracking":false,"_monsterinsights_sitenote_active":false,"_monsterinsights_sitenote_note":"","_monsterinsights_sitenote_category":0,"footnotes":""},"categories":[1],"tags":[],"class_list":["post-2348","post","type-post","status-publish","format-standard","hentry","category-varie","excerpt"],"_links":{"self":[{"href":"http:\/\/www.luigiaccattoli.it\/blog\/wp-json\/wp\/v2\/posts\/2348","targetHints":{"allow":["GET"]}}],"collection":[{"href":"http:\/\/www.luigiaccattoli.it\/blog\/wp-json\/wp\/v2\/posts"}],"about":[{"href":"http:\/\/www.luigiaccattoli.it\/blog\/wp-json\/wp\/v2\/types\/post"}],"author":[{"embeddable":true,"href":"http:\/\/www.luigiaccattoli.it\/blog\/wp-json\/wp\/v2\/users\/1"}],"replies":[{"embeddable":true,"href":"http:\/\/www.luigiaccattoli.it\/blog\/wp-json\/wp\/v2\/comments?post=2348"}],"version-history":[{"count":4,"href":"http:\/\/www.luigiaccattoli.it\/blog\/wp-json\/wp\/v2\/posts\/2348\/revisions"}],"predecessor-version":[{"id":2350,"href":"http:\/\/www.luigiaccattoli.it\/blog\/wp-json\/wp\/v2\/posts\/2348\/revisions\/2350"}],"wp:attachment":[{"href":"http:\/\/www.luigiaccattoli.it\/blog\/wp-json\/wp\/v2\/media?parent=2348"}],"wp:term":[{"taxonomy":"category","embeddable":true,"href":"http:\/\/www.luigiaccattoli.it\/blog\/wp-json\/wp\/v2\/categories?post=2348"},{"taxonomy":"post_tag","embeddable":true,"href":"http:\/\/www.luigiaccattoli.it\/blog\/wp-json\/wp\/v2\/tags?post=2348"}],"curies":[{"name":"wp","href":"https:\/\/api.w.org\/{rel}","templated":true}]}}