{"id":24539,"date":"2020-04-27T07:45:59","date_gmt":"2020-04-27T05:45:59","guid":{"rendered":"http:\/\/www.luigiaccattoli.it\/blog\/?p=24539"},"modified":"2020-04-27T16:57:49","modified_gmt":"2020-04-27T14:57:49","slug":"niente-messe-conte-ringrazia-la-cei-che-invece-protesta","status":"publish","type":"post","link":"http:\/\/www.luigiaccattoli.it\/blog\/niente-messe-conte-ringrazia-la-cei-che-invece-protesta\/","title":{"rendered":"Niente messe: Conte ringrazia la Cei che invece protesta"},"content":{"rendered":"<p>Presentando ieri sera il decreto della fase 2, che autorizza la celebrazione in sicurezza dei funerali con un massimo di 15 presenti, ma nulla prevede per la ripresa delle celebrazioni, il premier Conte aveva ringraziato la Cei per la &#8220;collaborazione&#8221; nell&#8217;accettare le restrizioni alle attivit\u00e0 di culto che venivano mantenute, ma subito \u00e8 arrivata la protesta della Conferenza episcopale. La nota Cei, intitolata &#8220;Il disaccordo dei vescovi&#8221;, \u00e8 stata diffusa alle 21.26, un&#8217;ora dopo la conferenza stampa di Conte. La riporto per intero nel primo commento e dico la mia nel secondo. Provo a interpretare l&#8217;incidente nel terzo. <\/p>\n","protected":false},"excerpt":{"rendered":"<p>Presentando ieri sera il decreto della fase 2, che autorizza la celebrazione in sicurezza dei funerali con un massimo di 15 presenti, ma nulla prevede per la ripresa delle celebrazioni,&#8230;<\/p>\n<div class=\"more-link-wrapper\"><a class=\"more-link\" href=\"http:\/\/www.luigiaccattoli.it\/blog\/niente-messe-conte-ringrazia-la-cei-che-invece-protesta\/\">Read More<span class=\"screen-reader-text\">Niente messe: Conte ringrazia la Cei che invece protesta<\/span><\/a><\/div>\n","protected":false},"author":1,"featured_media":0,"comment_status":"open","ping_status":"closed","sticky":false,"template":"","format":"standard","meta":{"_monsterinsights_skip_tracking":false,"_monsterinsights_sitenote_active":false,"_monsterinsights_sitenote_note":"","_monsterinsights_sitenote_category":0,"footnotes":""},"categories":[1],"tags":[],"class_list":["post-24539","post","type-post","status-publish","format-standard","hentry","category-varie","excerpt"],"_links":{"self":[{"href":"http:\/\/www.luigiaccattoli.it\/blog\/wp-json\/wp\/v2\/posts\/24539","targetHints":{"allow":["GET"]}}],"collection":[{"href":"http:\/\/www.luigiaccattoli.it\/blog\/wp-json\/wp\/v2\/posts"}],"about":[{"href":"http:\/\/www.luigiaccattoli.it\/blog\/wp-json\/wp\/v2\/types\/post"}],"author":[{"embeddable":true,"href":"http:\/\/www.luigiaccattoli.it\/blog\/wp-json\/wp\/v2\/users\/1"}],"replies":[{"embeddable":true,"href":"http:\/\/www.luigiaccattoli.it\/blog\/wp-json\/wp\/v2\/comments?post=24539"}],"version-history":[{"count":5,"href":"http:\/\/www.luigiaccattoli.it\/blog\/wp-json\/wp\/v2\/posts\/24539\/revisions"}],"predecessor-version":[{"id":24544,"href":"http:\/\/www.luigiaccattoli.it\/blog\/wp-json\/wp\/v2\/posts\/24539\/revisions\/24544"}],"wp:attachment":[{"href":"http:\/\/www.luigiaccattoli.it\/blog\/wp-json\/wp\/v2\/media?parent=24539"}],"wp:term":[{"taxonomy":"category","embeddable":true,"href":"http:\/\/www.luigiaccattoli.it\/blog\/wp-json\/wp\/v2\/categories?post=24539"},{"taxonomy":"post_tag","embeddable":true,"href":"http:\/\/www.luigiaccattoli.it\/blog\/wp-json\/wp\/v2\/tags?post=24539"}],"curies":[{"name":"wp","href":"https:\/\/api.w.org\/{rel}","templated":true}]}}