{"id":24587,"date":"2020-05-10T09:25:56","date_gmt":"2020-05-10T07:25:56","guid":{"rendered":"http:\/\/www.luigiaccattoli.it\/blog\/?p=24587"},"modified":"2020-05-10T09:33:26","modified_gmt":"2020-05-10T07:33:26","slug":"benedictus-dixit-il-papa-emerito-e-come-un-vescovo-emerito","status":"publish","type":"post","link":"http:\/\/www.luigiaccattoli.it\/blog\/benedictus-dixit-il-papa-emerito-e-come-un-vescovo-emerito\/","title":{"rendered":"Benedetto: il Papa emerito \u00e8 come un vescovo emerito"},"content":{"rendered":"<p>Luned\u00ec 4 maggio \u00e8 arrivato nelle librerie tedesche un lavoro di Peter Seewald intitolato \u00abBenedetto XVI. Una vita\u00bb: oltre mille pagine di biografia con un\u2019intervista in appendice. Insoddisfatto dalle anticipazioni dei media, procedenti per frasi staccate, mi sono fatto mandare dalla Germania il testo dell\u2019intervista e ho tradotto di persona le risposte a sei domande che riporto nei commenti. Metto a questo estratto un mio titolo che riassume quanto Benedetto argomenta con esemplare dettaglio sul fatto e sul titolo del Papa emerito. Nel volume l\u2019intervista \u00e8 cos\u00ec intitolata: \u201cL\u2019amicizia personale con Papa Francesco non solo \u00e8 rimasta ma \u00e8 cresciuta\u201d. Credo che questo testo, che risale all\u2019autunno del 2018, sgomberi il campo dalle speculazioni sulla compresenza dei due papi e sulla perdurante partecipazione dell\u2019emerito al carisma petrino. Egli qui afferma con totale chiarezza che il suo rapporto con il successore \u00e8 puramente spirituale e interiore, tale e quale quello di ogni vescovo emerito con il vescovo suo successore. \u2013 I titoletti sono miei. <\/p>\n","protected":false},"excerpt":{"rendered":"<p>Luned\u00ec 4 maggio \u00e8 arrivato nelle librerie tedesche un lavoro di Peter Seewald intitolato \u00abBenedetto XVI. Una vita\u00bb: oltre mille pagine di biografia con un\u2019intervista in appendice. Insoddisfatto dalle anticipazioni&#8230;<\/p>\n<div class=\"more-link-wrapper\"><a class=\"more-link\" href=\"http:\/\/www.luigiaccattoli.it\/blog\/benedictus-dixit-il-papa-emerito-e-come-un-vescovo-emerito\/\">Read More<span class=\"screen-reader-text\">Benedetto: il Papa emerito \u00e8 come un vescovo emerito<\/span><\/a><\/div>\n","protected":false},"author":1,"featured_media":0,"comment_status":"open","ping_status":"closed","sticky":false,"template":"","format":"standard","meta":{"_monsterinsights_skip_tracking":false,"_monsterinsights_sitenote_active":false,"_monsterinsights_sitenote_note":"","_monsterinsights_sitenote_category":0,"footnotes":""},"categories":[1],"tags":[],"class_list":["post-24587","post","type-post","status-publish","format-standard","hentry","category-varie","excerpt"],"_links":{"self":[{"href":"http:\/\/www.luigiaccattoli.it\/blog\/wp-json\/wp\/v2\/posts\/24587","targetHints":{"allow":["GET"]}}],"collection":[{"href":"http:\/\/www.luigiaccattoli.it\/blog\/wp-json\/wp\/v2\/posts"}],"about":[{"href":"http:\/\/www.luigiaccattoli.it\/blog\/wp-json\/wp\/v2\/types\/post"}],"author":[{"embeddable":true,"href":"http:\/\/www.luigiaccattoli.it\/blog\/wp-json\/wp\/v2\/users\/1"}],"replies":[{"embeddable":true,"href":"http:\/\/www.luigiaccattoli.it\/blog\/wp-json\/wp\/v2\/comments?post=24587"}],"version-history":[{"count":3,"href":"http:\/\/www.luigiaccattoli.it\/blog\/wp-json\/wp\/v2\/posts\/24587\/revisions"}],"predecessor-version":[{"id":24590,"href":"http:\/\/www.luigiaccattoli.it\/blog\/wp-json\/wp\/v2\/posts\/24587\/revisions\/24590"}],"wp:attachment":[{"href":"http:\/\/www.luigiaccattoli.it\/blog\/wp-json\/wp\/v2\/media?parent=24587"}],"wp:term":[{"taxonomy":"category","embeddable":true,"href":"http:\/\/www.luigiaccattoli.it\/blog\/wp-json\/wp\/v2\/categories?post=24587"},{"taxonomy":"post_tag","embeddable":true,"href":"http:\/\/www.luigiaccattoli.it\/blog\/wp-json\/wp\/v2\/tags?post=24587"}],"curies":[{"name":"wp","href":"https:\/\/api.w.org\/{rel}","templated":true}]}}