{"id":24853,"date":"2020-07-08T22:51:08","date_gmt":"2020-07-08T20:51:08","guid":{"rendered":"http:\/\/www.luigiaccattoli.it\/blog\/?p=24853"},"modified":"2020-07-08T22:56:59","modified_gmt":"2020-07-08T20:56:59","slug":"saluto-di-joseph-ratzinger-al-fratello-don-georg","status":"publish","type":"post","link":"http:\/\/www.luigiaccattoli.it\/blog\/saluto-di-joseph-ratzinger-al-fratello-don-georg\/","title":{"rendered":"L&#8217;addio di Joseph Ratzinger al fratello don Georg"},"content":{"rendered":"<p>&#8220;Grazie Georg per quello che mi hai donato&#8221;: sono le ultime parole del messaggio con il quale il Papa emerito ha partecipato alla messa di addio per il fratello &#8211; morto il 1\u00b0 luglio a 96 anni &#8211; che si \u00e8 tenuta oggi nel Duomo di Regensburg. Il messaggio, che riporto nel primo commento, \u00e8 stato letto durante la celebrazione dal segretario di Benedetto, Georg G\u00e4nswein. <\/p>\n","protected":false},"excerpt":{"rendered":"<p>&#8220;Grazie Georg per quello che mi hai donato&#8221;: sono le ultime parole del messaggio con il quale il Papa emerito ha partecipato alla messa di addio per il fratello &#8211;&#8230;<\/p>\n<div class=\"more-link-wrapper\"><a class=\"more-link\" href=\"http:\/\/www.luigiaccattoli.it\/blog\/saluto-di-joseph-ratzinger-al-fratello-don-georg\/\">Read More<span class=\"screen-reader-text\">L&#8217;addio di Joseph Ratzinger al fratello don Georg<\/span><\/a><\/div>\n","protected":false},"author":1,"featured_media":0,"comment_status":"open","ping_status":"closed","sticky":false,"template":"","format":"standard","meta":{"_monsterinsights_skip_tracking":false,"_monsterinsights_sitenote_active":false,"_monsterinsights_sitenote_note":"","_monsterinsights_sitenote_category":0,"footnotes":""},"categories":[1],"tags":[],"class_list":["post-24853","post","type-post","status-publish","format-standard","hentry","category-varie","excerpt"],"_links":{"self":[{"href":"http:\/\/www.luigiaccattoli.it\/blog\/wp-json\/wp\/v2\/posts\/24853","targetHints":{"allow":["GET"]}}],"collection":[{"href":"http:\/\/www.luigiaccattoli.it\/blog\/wp-json\/wp\/v2\/posts"}],"about":[{"href":"http:\/\/www.luigiaccattoli.it\/blog\/wp-json\/wp\/v2\/types\/post"}],"author":[{"embeddable":true,"href":"http:\/\/www.luigiaccattoli.it\/blog\/wp-json\/wp\/v2\/users\/1"}],"replies":[{"embeddable":true,"href":"http:\/\/www.luigiaccattoli.it\/blog\/wp-json\/wp\/v2\/comments?post=24853"}],"version-history":[{"count":3,"href":"http:\/\/www.luigiaccattoli.it\/blog\/wp-json\/wp\/v2\/posts\/24853\/revisions"}],"predecessor-version":[{"id":24856,"href":"http:\/\/www.luigiaccattoli.it\/blog\/wp-json\/wp\/v2\/posts\/24853\/revisions\/24856"}],"wp:attachment":[{"href":"http:\/\/www.luigiaccattoli.it\/blog\/wp-json\/wp\/v2\/media?parent=24853"}],"wp:term":[{"taxonomy":"category","embeddable":true,"href":"http:\/\/www.luigiaccattoli.it\/blog\/wp-json\/wp\/v2\/categories?post=24853"},{"taxonomy":"post_tag","embeddable":true,"href":"http:\/\/www.luigiaccattoli.it\/blog\/wp-json\/wp\/v2\/tags?post=24853"}],"curies":[{"name":"wp","href":"https:\/\/api.w.org\/{rel}","templated":true}]}}