{"id":25007,"date":"2020-08-12T17:21:36","date_gmt":"2020-08-12T15:21:36","guid":{"rendered":"http:\/\/www.luigiaccattoli.it\/blog\/?p=25007"},"modified":"2020-08-12T17:21:36","modified_gmt":"2020-08-12T15:21:36","slug":"calogero-peri-voglio-dire-grazie-a-dio-per-questa-malattia","status":"publish","type":"post","link":"http:\/\/www.luigiaccattoli.it\/blog\/calogero-peri-voglio-dire-grazie-a-dio-per-questa-malattia\/","title":{"rendered":"Calogero Peri: voglio dire grazie a Dio per questa malattia"},"content":{"rendered":"<p>Nella mia ricerca di storie di pandemia (questa \u00e8 la sedicesima che riporto qui nel blog) ho trovato pi\u00f9 di un ringraziamento a Dio da parte di chi ha sofferto la malattia e ne \u00e8 guarito: il &#8220;grazie&#8221; pi\u00f9 esplicito per questa &#8220;esperienza dura e pesante&#8221;, unito all&#8217;invocazione di &#8220;conservarne per sempre l&#8217;insegnamento&#8221;, \u00e8 del vescovo siciliano Calogero Peri, di Caltagirone. Nei commenti la sua calda parola e qui il mio abbraccio a questo buon pastore. <\/p>\n","protected":false},"excerpt":{"rendered":"<p>Nella mia ricerca di storie di pandemia (questa \u00e8 la sedicesima che riporto qui nel blog) ho trovato pi\u00f9 di un ringraziamento a Dio da parte di chi ha sofferto&#8230;<\/p>\n<div class=\"more-link-wrapper\"><a class=\"more-link\" href=\"http:\/\/www.luigiaccattoli.it\/blog\/calogero-peri-voglio-dire-grazie-a-dio-per-questa-malattia\/\">Read More<span class=\"screen-reader-text\">Calogero Peri: voglio dire grazie a Dio per questa malattia<\/span><\/a><\/div>\n","protected":false},"author":1,"featured_media":0,"comment_status":"open","ping_status":"closed","sticky":false,"template":"","format":"standard","meta":{"_monsterinsights_skip_tracking":false,"_monsterinsights_sitenote_active":false,"_monsterinsights_sitenote_note":"","_monsterinsights_sitenote_category":0,"footnotes":""},"categories":[1],"tags":[],"class_list":["post-25007","post","type-post","status-publish","format-standard","hentry","category-varie","excerpt"],"_links":{"self":[{"href":"http:\/\/www.luigiaccattoli.it\/blog\/wp-json\/wp\/v2\/posts\/25007","targetHints":{"allow":["GET"]}}],"collection":[{"href":"http:\/\/www.luigiaccattoli.it\/blog\/wp-json\/wp\/v2\/posts"}],"about":[{"href":"http:\/\/www.luigiaccattoli.it\/blog\/wp-json\/wp\/v2\/types\/post"}],"author":[{"embeddable":true,"href":"http:\/\/www.luigiaccattoli.it\/blog\/wp-json\/wp\/v2\/users\/1"}],"replies":[{"embeddable":true,"href":"http:\/\/www.luigiaccattoli.it\/blog\/wp-json\/wp\/v2\/comments?post=25007"}],"version-history":[{"count":1,"href":"http:\/\/www.luigiaccattoli.it\/blog\/wp-json\/wp\/v2\/posts\/25007\/revisions"}],"predecessor-version":[{"id":25008,"href":"http:\/\/www.luigiaccattoli.it\/blog\/wp-json\/wp\/v2\/posts\/25007\/revisions\/25008"}],"wp:attachment":[{"href":"http:\/\/www.luigiaccattoli.it\/blog\/wp-json\/wp\/v2\/media?parent=25007"}],"wp:term":[{"taxonomy":"category","embeddable":true,"href":"http:\/\/www.luigiaccattoli.it\/blog\/wp-json\/wp\/v2\/categories?post=25007"},{"taxonomy":"post_tag","embeddable":true,"href":"http:\/\/www.luigiaccattoli.it\/blog\/wp-json\/wp\/v2\/tags?post=25007"}],"curies":[{"name":"wp","href":"https:\/\/api.w.org\/{rel}","templated":true}]}}