{"id":25013,"date":"2020-08-13T21:35:46","date_gmt":"2020-08-13T19:35:46","guid":{"rendered":"http:\/\/www.luigiaccattoli.it\/blog\/?p=25013"},"modified":"2020-08-13T22:20:01","modified_gmt":"2020-08-13T20:20:01","slug":"saluto-casaldaliga-con-il-suo-inno-al-vento-dello-spirito","status":"publish","type":"post","link":"http:\/\/www.luigiaccattoli.it\/blog\/saluto-casaldaliga-con-il-suo-inno-al-vento-dello-spirito\/","title":{"rendered":"Saluto Casaldaliga con il suo inno al Vento dello Spirito"},"content":{"rendered":"<p>Saluto l&#8217;ardimentoso vescovo brasiliano Pedro Casaldaliga, amico dei poveri, morto l&#8217;8 agosto a 92 anni, rileggendo con i miei visitatori il suo inno al vento dello Spirito, un aggiornamento del &#8220;Vieni Santo Spirito&#8221; che \u00e8 ricco di insegnamenti vitali. Nel primo commento riporto il testo dell&#8217;inno, nel secondo riprendo la citazione di un altro suo testo che Francesco ha inserito nell&#8217;esortazione &#8220;Querida Amazonia&#8221;, nel terzo una scheda sul caro Pedro e il modo della sua sepoltura avvenuta ieri nella localit\u00e0 di Ribeir\u00e3o Cascalheira, Mato Grosso, Brasile, dov&#8217;\u00e8 il Santuario dei Martiri della Caminhada.<\/p>\n","protected":false},"excerpt":{"rendered":"<p>Saluto l&#8217;ardimentoso vescovo brasiliano Pedro Casaldaliga, amico dei poveri, morto l&#8217;8 agosto a 92 anni, rileggendo con i miei visitatori il suo inno al vento dello Spirito, un aggiornamento del&#8230;<\/p>\n<div class=\"more-link-wrapper\"><a class=\"more-link\" href=\"http:\/\/www.luigiaccattoli.it\/blog\/saluto-casaldaliga-con-il-suo-inno-al-vento-dello-spirito\/\">Read More<span class=\"screen-reader-text\">Saluto Casaldaliga con il suo inno al Vento dello Spirito<\/span><\/a><\/div>\n","protected":false},"author":1,"featured_media":0,"comment_status":"open","ping_status":"closed","sticky":false,"template":"","format":"standard","meta":{"_monsterinsights_skip_tracking":false,"_monsterinsights_sitenote_active":false,"_monsterinsights_sitenote_note":"","_monsterinsights_sitenote_category":0,"footnotes":""},"categories":[1],"tags":[],"class_list":["post-25013","post","type-post","status-publish","format-standard","hentry","category-varie","excerpt"],"_links":{"self":[{"href":"http:\/\/www.luigiaccattoli.it\/blog\/wp-json\/wp\/v2\/posts\/25013","targetHints":{"allow":["GET"]}}],"collection":[{"href":"http:\/\/www.luigiaccattoli.it\/blog\/wp-json\/wp\/v2\/posts"}],"about":[{"href":"http:\/\/www.luigiaccattoli.it\/blog\/wp-json\/wp\/v2\/types\/post"}],"author":[{"embeddable":true,"href":"http:\/\/www.luigiaccattoli.it\/blog\/wp-json\/wp\/v2\/users\/1"}],"replies":[{"embeddable":true,"href":"http:\/\/www.luigiaccattoli.it\/blog\/wp-json\/wp\/v2\/comments?post=25013"}],"version-history":[{"count":2,"href":"http:\/\/www.luigiaccattoli.it\/blog\/wp-json\/wp\/v2\/posts\/25013\/revisions"}],"predecessor-version":[{"id":25015,"href":"http:\/\/www.luigiaccattoli.it\/blog\/wp-json\/wp\/v2\/posts\/25013\/revisions\/25015"}],"wp:attachment":[{"href":"http:\/\/www.luigiaccattoli.it\/blog\/wp-json\/wp\/v2\/media?parent=25013"}],"wp:term":[{"taxonomy":"category","embeddable":true,"href":"http:\/\/www.luigiaccattoli.it\/blog\/wp-json\/wp\/v2\/categories?post=25013"},{"taxonomy":"post_tag","embeddable":true,"href":"http:\/\/www.luigiaccattoli.it\/blog\/wp-json\/wp\/v2\/tags?post=25013"}],"curies":[{"name":"wp","href":"https:\/\/api.w.org\/{rel}","templated":true}]}}