{"id":25181,"date":"2020-09-18T19:33:52","date_gmt":"2020-09-18T17:33:52","guid":{"rendered":"http:\/\/www.luigiaccattoli.it\/blog\/?p=25181"},"modified":"2020-09-18T19:33:52","modified_gmt":"2020-09-18T17:33:52","slug":"domenica-voto-per-la-conferma-del-taglio-dei-parlamentari","status":"publish","type":"post","link":"http:\/\/www.luigiaccattoli.it\/blog\/domenica-voto-per-la-conferma-del-taglio-dei-parlamentari\/","title":{"rendered":"Domenica voto per la conferma del taglio dei parlamentari"},"content":{"rendered":"<p>Al referendum di domenica sul taglio dei parlamentari voter\u00f2 &#8220;s\u00ec&#8221;, cio\u00e8 per la conferma della legge costituzionale che li riduce di circa un terzo: da 630 a 400 i deputati &#8211; da 315 a 200 i senatori. Nel primo commento motivo la mia scelta, che non si basa tanto sulla valutazione dell&#8217;importanza e della bont\u00e0 della riforma, quanto sul ruolo di stimolo per altri cambiamenti istituzionali che essa pu\u00f2 svolgere.<\/p>\n","protected":false},"excerpt":{"rendered":"<p>Al referendum di domenica sul taglio dei parlamentari voter\u00f2 &#8220;s\u00ec&#8221;, cio\u00e8 per la conferma della legge costituzionale che li riduce di circa un terzo: da 630 a 400 i deputati&#8230;<\/p>\n<div class=\"more-link-wrapper\"><a class=\"more-link\" href=\"http:\/\/www.luigiaccattoli.it\/blog\/domenica-voto-per-la-conferma-del-taglio-dei-parlamentari\/\">Read More<span class=\"screen-reader-text\">Domenica voto per la conferma del taglio dei parlamentari<\/span><\/a><\/div>\n","protected":false},"author":1,"featured_media":0,"comment_status":"open","ping_status":"closed","sticky":false,"template":"","format":"standard","meta":{"_monsterinsights_skip_tracking":false,"_monsterinsights_sitenote_active":false,"_monsterinsights_sitenote_note":"","_monsterinsights_sitenote_category":0,"footnotes":""},"categories":[1],"tags":[],"class_list":["post-25181","post","type-post","status-publish","format-standard","hentry","category-varie","excerpt"],"_links":{"self":[{"href":"http:\/\/www.luigiaccattoli.it\/blog\/wp-json\/wp\/v2\/posts\/25181","targetHints":{"allow":["GET"]}}],"collection":[{"href":"http:\/\/www.luigiaccattoli.it\/blog\/wp-json\/wp\/v2\/posts"}],"about":[{"href":"http:\/\/www.luigiaccattoli.it\/blog\/wp-json\/wp\/v2\/types\/post"}],"author":[{"embeddable":true,"href":"http:\/\/www.luigiaccattoli.it\/blog\/wp-json\/wp\/v2\/users\/1"}],"replies":[{"embeddable":true,"href":"http:\/\/www.luigiaccattoli.it\/blog\/wp-json\/wp\/v2\/comments?post=25181"}],"version-history":[{"count":1,"href":"http:\/\/www.luigiaccattoli.it\/blog\/wp-json\/wp\/v2\/posts\/25181\/revisions"}],"predecessor-version":[{"id":25182,"href":"http:\/\/www.luigiaccattoli.it\/blog\/wp-json\/wp\/v2\/posts\/25181\/revisions\/25182"}],"wp:attachment":[{"href":"http:\/\/www.luigiaccattoli.it\/blog\/wp-json\/wp\/v2\/media?parent=25181"}],"wp:term":[{"taxonomy":"category","embeddable":true,"href":"http:\/\/www.luigiaccattoli.it\/blog\/wp-json\/wp\/v2\/categories?post=25181"},{"taxonomy":"post_tag","embeddable":true,"href":"http:\/\/www.luigiaccattoli.it\/blog\/wp-json\/wp\/v2\/tags?post=25181"}],"curies":[{"name":"wp","href":"https:\/\/api.w.org\/{rel}","templated":true}]}}