{"id":25415,"date":"2020-10-29T18:19:27","date_gmt":"2020-10-29T17:19:27","guid":{"rendered":"http:\/\/www.luigiaccattoli.it\/blog\/?p=25415"},"modified":"2020-10-29T18:35:10","modified_gmt":"2020-10-29T17:35:10","slug":"francesco-sullattentato-nella-cattedrale-di-nizza","status":"publish","type":"post","link":"http:\/\/www.luigiaccattoli.it\/blog\/francesco-sullattentato-nella-cattedrale-di-nizza\/","title":{"rendered":"Francesco sull&#8217;attentato nella cattedrale di Nizza"},"content":{"rendered":"<p>Mie lacrime sui tre morti e i feriti dell&#8217;attentato di questa mattina nella cattedrale di Nizza. Riporto nei commenti il comunicato vaticano sulla preghiera del Papa, il Tweet del presidente dei vescovi francesi \u00c9ric de Moulins-Beaufort arcivescovo di Reims, un comunicato di solidariet\u00e0 con la Chiesa Cattolica dell&#8217;organismo di rappresentanza nazionale dei Musulmani di Francia. Il mio cuore \u00e8 dove il presidente dei vescovi richiama la parola di Ges\u00f9: &#8220;Beati voi quando sarete perseguitati a causa mia&#8221;.<\/p>\n","protected":false},"excerpt":{"rendered":"<p>Mie lacrime sui tre morti e i feriti dell&#8217;attentato di questa mattina nella cattedrale di Nizza. Riporto nei commenti il comunicato vaticano sulla preghiera del Papa, il Tweet del presidente&#8230;<\/p>\n<div class=\"more-link-wrapper\"><a class=\"more-link\" href=\"http:\/\/www.luigiaccattoli.it\/blog\/francesco-sullattentato-nella-cattedrale-di-nizza\/\">Read More<span class=\"screen-reader-text\">Francesco sull&#8217;attentato nella cattedrale di Nizza<\/span><\/a><\/div>\n","protected":false},"author":1,"featured_media":0,"comment_status":"open","ping_status":"closed","sticky":false,"template":"","format":"standard","meta":{"_monsterinsights_skip_tracking":false,"_monsterinsights_sitenote_active":false,"_monsterinsights_sitenote_note":"","_monsterinsights_sitenote_category":0,"footnotes":""},"categories":[1],"tags":[],"class_list":["post-25415","post","type-post","status-publish","format-standard","hentry","category-varie","excerpt"],"_links":{"self":[{"href":"http:\/\/www.luigiaccattoli.it\/blog\/wp-json\/wp\/v2\/posts\/25415","targetHints":{"allow":["GET"]}}],"collection":[{"href":"http:\/\/www.luigiaccattoli.it\/blog\/wp-json\/wp\/v2\/posts"}],"about":[{"href":"http:\/\/www.luigiaccattoli.it\/blog\/wp-json\/wp\/v2\/types\/post"}],"author":[{"embeddable":true,"href":"http:\/\/www.luigiaccattoli.it\/blog\/wp-json\/wp\/v2\/users\/1"}],"replies":[{"embeddable":true,"href":"http:\/\/www.luigiaccattoli.it\/blog\/wp-json\/wp\/v2\/comments?post=25415"}],"version-history":[{"count":3,"href":"http:\/\/www.luigiaccattoli.it\/blog\/wp-json\/wp\/v2\/posts\/25415\/revisions"}],"predecessor-version":[{"id":25418,"href":"http:\/\/www.luigiaccattoli.it\/blog\/wp-json\/wp\/v2\/posts\/25415\/revisions\/25418"}],"wp:attachment":[{"href":"http:\/\/www.luigiaccattoli.it\/blog\/wp-json\/wp\/v2\/media?parent=25415"}],"wp:term":[{"taxonomy":"category","embeddable":true,"href":"http:\/\/www.luigiaccattoli.it\/blog\/wp-json\/wp\/v2\/categories?post=25415"},{"taxonomy":"post_tag","embeddable":true,"href":"http:\/\/www.luigiaccattoli.it\/blog\/wp-json\/wp\/v2\/tags?post=25415"}],"curies":[{"name":"wp","href":"https:\/\/api.w.org\/{rel}","templated":true}]}}