{"id":25447,"date":"2020-11-03T11:20:07","date_gmt":"2020-11-03T10:20:07","guid":{"rendered":"http:\/\/www.luigiaccattoli.it\/blog\/?p=25447"},"modified":"2020-11-03T20:11:58","modified_gmt":"2020-11-03T19:11:58","slug":"addio-al-padre-sorge-e-al-suo-caschetto-vispo","status":"publish","type":"post","link":"http:\/\/www.luigiaccattoli.it\/blog\/addio-al-padre-sorge-e-al-suo-caschetto-vispo\/","title":{"rendered":"Addio al padre Sorge e al suo baschetto vispo"},"content":{"rendered":"<p>Gli amici mi chiedono: non scrivi di padre Sorge [che \u00e8 morto ieri a 91 anni]? E hanno ragione, perch\u00e8 sono 45 anni tondi di vicinanza professionale e amicale, tante interviste, telefonate, e-mail. Colloqui sempre vivi alla Civilt\u00e0 Cattolica, a Palermo, a Milano. Lui che leggeva il mio blog e io i suoi tweet. Non ho tempo, dico io e quelli ridono immaginando che non scrivo perch\u00e8 ho le mie riserve e invece non ho tempo davvero: a inizio mese c&#8217;\u00e8 la consegna degli articoli a tante riviste. Ma un amico cos\u00ec lo debbo salutare, almeno brevemente. Lo far\u00f2 scorrendo &#8211; nei commenti &#8211; il suo profilo Twitter lungo i mesi recenti, dall&#8217;avvio della pandemia al 22 ottobre, che \u00e8 la data dell&#8217;ultimo messaggio. Ma a premessa e a conclusione di quella scorsa, gli mando un bacio di addio e segnalo ai visitatori <a href=\"http:\/\/www.luigiaccattoli.it\/blog\/collaborazione-a-riviste\/%e2%80%9cla-traversata%e2%80%9d-del-padre-sorge-e-io-con-lui-ma-non-sempre-d%e2%80%99accordo\/\">il testo di maggiore impegno che gli dedicai un decennio addietro, al compimento dei suoi ottanta<\/a>.<\/p>\n","protected":false},"excerpt":{"rendered":"<p>Gli amici mi chiedono: non scrivi di padre Sorge [che \u00e8 morto ieri a 91 anni]? E hanno ragione, perch\u00e8 sono 45 anni tondi di vicinanza professionale e amicale, tante&#8230;<\/p>\n<div class=\"more-link-wrapper\"><a class=\"more-link\" href=\"http:\/\/www.luigiaccattoli.it\/blog\/addio-al-padre-sorge-e-al-suo-caschetto-vispo\/\">Read More<span class=\"screen-reader-text\">Addio al padre Sorge e al suo baschetto vispo<\/span><\/a><\/div>\n","protected":false},"author":1,"featured_media":0,"comment_status":"open","ping_status":"closed","sticky":false,"template":"","format":"standard","meta":{"_monsterinsights_skip_tracking":false,"_monsterinsights_sitenote_active":false,"_monsterinsights_sitenote_note":"","_monsterinsights_sitenote_category":0,"footnotes":""},"categories":[1],"tags":[],"class_list":["post-25447","post","type-post","status-publish","format-standard","hentry","category-varie","excerpt"],"_links":{"self":[{"href":"http:\/\/www.luigiaccattoli.it\/blog\/wp-json\/wp\/v2\/posts\/25447","targetHints":{"allow":["GET"]}}],"collection":[{"href":"http:\/\/www.luigiaccattoli.it\/blog\/wp-json\/wp\/v2\/posts"}],"about":[{"href":"http:\/\/www.luigiaccattoli.it\/blog\/wp-json\/wp\/v2\/types\/post"}],"author":[{"embeddable":true,"href":"http:\/\/www.luigiaccattoli.it\/blog\/wp-json\/wp\/v2\/users\/1"}],"replies":[{"embeddable":true,"href":"http:\/\/www.luigiaccattoli.it\/blog\/wp-json\/wp\/v2\/comments?post=25447"}],"version-history":[{"count":7,"href":"http:\/\/www.luigiaccattoli.it\/blog\/wp-json\/wp\/v2\/posts\/25447\/revisions"}],"predecessor-version":[{"id":25455,"href":"http:\/\/www.luigiaccattoli.it\/blog\/wp-json\/wp\/v2\/posts\/25447\/revisions\/25455"}],"wp:attachment":[{"href":"http:\/\/www.luigiaccattoli.it\/blog\/wp-json\/wp\/v2\/media?parent=25447"}],"wp:term":[{"taxonomy":"category","embeddable":true,"href":"http:\/\/www.luigiaccattoli.it\/blog\/wp-json\/wp\/v2\/categories?post=25447"},{"taxonomy":"post_tag","embeddable":true,"href":"http:\/\/www.luigiaccattoli.it\/blog\/wp-json\/wp\/v2\/tags?post=25447"}],"curies":[{"name":"wp","href":"https:\/\/api.w.org\/{rel}","templated":true}]}}