{"id":25520,"date":"2020-11-11T20:25:44","date_gmt":"2020-11-11T19:25:44","guid":{"rendered":"http:\/\/www.luigiaccattoli.it\/blog\/?p=25520"},"modified":"2020-11-11T21:20:30","modified_gmt":"2020-11-11T20:20:30","slug":"camillo-schiantarelli-medico-malato-e-volontario-covid","status":"publish","type":"post","link":"http:\/\/www.luigiaccattoli.it\/blog\/camillo-schiantarelli-medico-malato-e-volontario-covid\/","title":{"rendered":"Camillo Schiantarelli medico malato e volontario Covid"},"content":{"rendered":"<p>Camillo Schiantarelli, 70 anni, per quindici \u00e8 stato primario della Medicina dell\u2019ospedale \u201cAsilo Vittoria\u201d di Mortara fino al primo dicembre dello scorso anno. E\u2019 tornato nel suo ospedale da volontario, gratuitamente, nell&#8217;emergenza della scorsa primavera, si \u00e8 contagiato, \u00e8 stato ricoverato, \u00e8 guarito ed \u00e8 tornato al lavoro. Nei commenti alcuni capoversi dell\u2019intervista che ha dato il 10 novembre a Gabriele Moroni del quotidiano \u201cIl Giorno.it\u201d.<\/p>\n","protected":false},"excerpt":{"rendered":"<p>Camillo Schiantarelli, 70 anni, per quindici \u00e8 stato primario della Medicina dell\u2019ospedale \u201cAsilo Vittoria\u201d di Mortara fino al primo dicembre dello scorso anno. E\u2019 tornato nel suo ospedale da volontario,&#8230;<\/p>\n<div class=\"more-link-wrapper\"><a class=\"more-link\" href=\"http:\/\/www.luigiaccattoli.it\/blog\/camillo-schiantarelli-medico-malato-e-volontario-covid\/\">Read More<span class=\"screen-reader-text\">Camillo Schiantarelli medico malato e volontario Covid<\/span><\/a><\/div>\n","protected":false},"author":1,"featured_media":0,"comment_status":"open","ping_status":"closed","sticky":false,"template":"","format":"standard","meta":{"_monsterinsights_skip_tracking":false,"_monsterinsights_sitenote_active":false,"_monsterinsights_sitenote_note":"","_monsterinsights_sitenote_category":0,"footnotes":""},"categories":[1],"tags":[],"class_list":["post-25520","post","type-post","status-publish","format-standard","hentry","category-varie","excerpt"],"_links":{"self":[{"href":"http:\/\/www.luigiaccattoli.it\/blog\/wp-json\/wp\/v2\/posts\/25520","targetHints":{"allow":["GET"]}}],"collection":[{"href":"http:\/\/www.luigiaccattoli.it\/blog\/wp-json\/wp\/v2\/posts"}],"about":[{"href":"http:\/\/www.luigiaccattoli.it\/blog\/wp-json\/wp\/v2\/types\/post"}],"author":[{"embeddable":true,"href":"http:\/\/www.luigiaccattoli.it\/blog\/wp-json\/wp\/v2\/users\/1"}],"replies":[{"embeddable":true,"href":"http:\/\/www.luigiaccattoli.it\/blog\/wp-json\/wp\/v2\/comments?post=25520"}],"version-history":[{"count":3,"href":"http:\/\/www.luigiaccattoli.it\/blog\/wp-json\/wp\/v2\/posts\/25520\/revisions"}],"predecessor-version":[{"id":25523,"href":"http:\/\/www.luigiaccattoli.it\/blog\/wp-json\/wp\/v2\/posts\/25520\/revisions\/25523"}],"wp:attachment":[{"href":"http:\/\/www.luigiaccattoli.it\/blog\/wp-json\/wp\/v2\/media?parent=25520"}],"wp:term":[{"taxonomy":"category","embeddable":true,"href":"http:\/\/www.luigiaccattoli.it\/blog\/wp-json\/wp\/v2\/categories?post=25520"},{"taxonomy":"post_tag","embeddable":true,"href":"http:\/\/www.luigiaccattoli.it\/blog\/wp-json\/wp\/v2\/tags?post=25520"}],"curies":[{"name":"wp","href":"https:\/\/api.w.org\/{rel}","templated":true}]}}