{"id":25584,"date":"2020-11-21T11:20:44","date_gmt":"2020-11-21T10:20:44","guid":{"rendered":"http:\/\/www.luigiaccattoli.it\/blog\/?p=25584"},"modified":"2020-11-21T17:52:40","modified_gmt":"2020-11-21T16:52:40","slug":"da-ieri-sono-un-positivo-accertato-da-tampone-molecolare","status":"publish","type":"post","link":"http:\/\/www.luigiaccattoli.it\/blog\/da-ieri-sono-un-positivo-accertato-da-tampone-molecolare\/","title":{"rendered":"Da ieri sono un positivo accertato da tampone molecolare"},"content":{"rendered":"<p>Visitatori belli stateve accuorte: da ieri so di essere positivo, accertato con tampone molecolare. E cos\u00ec mia moglie Isa. Lei gi\u00e0 da luned\u00ec era risultata positiva al tampone rapido. Io marted\u00ec, al rapido, ero ancora negativo. Parrebbe dunque che l&#8217;abbiamo preso in tempo e ci\u00f2 fa sperare. Il contagio dovrebbe essere arrivato dalle classi dove Isa \u00e8 maestra, classi che ora sono in quarantena per esservi risultato un bimbo positivo nello scorso fine settimana. Al momento stiamo bene, lei meglio di me ma io non sono geloso. E del resto ho solo febbre e spossatezza. Ci curiamo da soli, guidati da medici amici, uno dei quali ha da poco superato la positivit\u00e0: il medico migliore \u00e8 quello che ha avuto il tuo stesso malanno. I figli che ci portano la spesa e le medicine, posando le buste sullo zerbino del lazzaretto. Se continuer\u00f2 a stare bene, continuer\u00f2 a gestire il blog e fornir\u00f2 un diario del mio incontro ravvicinato con il Covid che fino a ieri avevo tampinato da remoto con le storie di pandemia. Ma noi giornalisti di vecchia scuola appena possibile andiamo sul posto e vogliamo toccare con mano. Baci<\/p>\n","protected":false},"excerpt":{"rendered":"<p>Visitatori belli stateve accuorte: da ieri so di essere positivo, accertato con tampone molecolare. E cos\u00ec mia moglie Isa. Lei gi\u00e0 da luned\u00ec era risultata positiva al tampone rapido. Io&#8230;<\/p>\n<div class=\"more-link-wrapper\"><a class=\"more-link\" href=\"http:\/\/www.luigiaccattoli.it\/blog\/da-ieri-sono-un-positivo-accertato-da-tampone-molecolare\/\">Read More<span class=\"screen-reader-text\">Da ieri sono un positivo accertato da tampone molecolare<\/span><\/a><\/div>\n","protected":false},"author":1,"featured_media":0,"comment_status":"open","ping_status":"closed","sticky":false,"template":"","format":"standard","meta":{"_monsterinsights_skip_tracking":false,"_monsterinsights_sitenote_active":false,"_monsterinsights_sitenote_note":"","_monsterinsights_sitenote_category":0,"footnotes":""},"categories":[1],"tags":[],"class_list":["post-25584","post","type-post","status-publish","format-standard","hentry","category-varie","excerpt"],"_links":{"self":[{"href":"http:\/\/www.luigiaccattoli.it\/blog\/wp-json\/wp\/v2\/posts\/25584","targetHints":{"allow":["GET"]}}],"collection":[{"href":"http:\/\/www.luigiaccattoli.it\/blog\/wp-json\/wp\/v2\/posts"}],"about":[{"href":"http:\/\/www.luigiaccattoli.it\/blog\/wp-json\/wp\/v2\/types\/post"}],"author":[{"embeddable":true,"href":"http:\/\/www.luigiaccattoli.it\/blog\/wp-json\/wp\/v2\/users\/1"}],"replies":[{"embeddable":true,"href":"http:\/\/www.luigiaccattoli.it\/blog\/wp-json\/wp\/v2\/comments?post=25584"}],"version-history":[{"count":7,"href":"http:\/\/www.luigiaccattoli.it\/blog\/wp-json\/wp\/v2\/posts\/25584\/revisions"}],"predecessor-version":[{"id":25591,"href":"http:\/\/www.luigiaccattoli.it\/blog\/wp-json\/wp\/v2\/posts\/25584\/revisions\/25591"}],"wp:attachment":[{"href":"http:\/\/www.luigiaccattoli.it\/blog\/wp-json\/wp\/v2\/media?parent=25584"}],"wp:term":[{"taxonomy":"category","embeddable":true,"href":"http:\/\/www.luigiaccattoli.it\/blog\/wp-json\/wp\/v2\/categories?post=25584"},{"taxonomy":"post_tag","embeddable":true,"href":"http:\/\/www.luigiaccattoli.it\/blog\/wp-json\/wp\/v2\/tags?post=25584"}],"curies":[{"name":"wp","href":"https:\/\/api.w.org\/{rel}","templated":true}]}}