{"id":25605,"date":"2020-11-22T23:28:27","date_gmt":"2020-11-22T22:28:27","guid":{"rendered":"http:\/\/www.luigiaccattoli.it\/blog\/?p=25605"},"modified":"2020-11-22T23:30:29","modified_gmt":"2020-11-22T22:30:29","slug":"in-casa-stiamo-forse-imparando-a-convivere-con-il-covid","status":"publish","type":"post","link":"http:\/\/www.luigiaccattoli.it\/blog\/in-casa-stiamo-forse-imparando-a-convivere-con-il-covid\/","title":{"rendered":"In casa stiamo forse imparando a convivere con il Covid"},"content":{"rendered":"<p>La giornata dell&#8217;infido ospite che \u00e8 con noi &#8211; <a href=\"http:\/\/www.luigiaccattoli.it\/blog\/da-ieri-sono-un-positivo-accertato-da-tampone-molecolare\/\">di cui ho parlato ieri qui nel blog<\/a> &#8211; \u00e8 stata forse buona, ovvero senza novit\u00e0. Isa ha avuto un piccolo ritorno di febbre, a me \u00e8 spuntata un po&#8217; di tosse secca. Impariamo a usare l&#8217;oximeter, o saturimetro da dito, che misura le pulsazioni e la presenza dell&#8217;ossigeno nel sangue. Ci siamo procurati questo strumento digitale e abbiamo anche il thermoscanner per misurare la febbre con il bip in fronte. I nostri amici medici dicono che dobbiamo fare molta attenzione ai sintomi che insorgono verso il sesto o settimo giorno dalla prima manifestazione della positivit\u00e0. Quasi ci siamo. Per ora non ho altro da raccontare. &#8211; Ringrazio i tanti visitatori che hanno mandato auguri, abbracci, benedizioni. Altrettanti &#8211; rispetto a quelli che hanno scritto a commento del post di ieri &#8211; mi hanno mandato mail private. Alcuni segnalando che anche nella loro casa era stato individuato l&#8217;intruso. Ora sembra pi\u00f9 presente tra noi e il fatto risulta non solo dalle statistiche quotidiane ma anche dalle narrazioni delle reti amicali. A Domani.  <\/p>\n","protected":false},"excerpt":{"rendered":"<p>La giornata dell&#8217;infido ospite che \u00e8 con noi &#8211; di cui ho parlato ieri qui nel blog &#8211; \u00e8 stata forse buona, ovvero senza novit\u00e0. Isa ha avuto un piccolo&#8230;<\/p>\n<div class=\"more-link-wrapper\"><a class=\"more-link\" href=\"http:\/\/www.luigiaccattoli.it\/blog\/in-casa-stiamo-forse-imparando-a-convivere-con-il-covid\/\">Read More<span class=\"screen-reader-text\">In casa stiamo forse imparando a convivere con il Covid<\/span><\/a><\/div>\n","protected":false},"author":1,"featured_media":0,"comment_status":"open","ping_status":"closed","sticky":false,"template":"","format":"standard","meta":{"_monsterinsights_skip_tracking":false,"_monsterinsights_sitenote_active":false,"_monsterinsights_sitenote_note":"","_monsterinsights_sitenote_category":0,"footnotes":""},"categories":[1],"tags":[],"class_list":["post-25605","post","type-post","status-publish","format-standard","hentry","category-varie","excerpt"],"_links":{"self":[{"href":"http:\/\/www.luigiaccattoli.it\/blog\/wp-json\/wp\/v2\/posts\/25605","targetHints":{"allow":["GET"]}}],"collection":[{"href":"http:\/\/www.luigiaccattoli.it\/blog\/wp-json\/wp\/v2\/posts"}],"about":[{"href":"http:\/\/www.luigiaccattoli.it\/blog\/wp-json\/wp\/v2\/types\/post"}],"author":[{"embeddable":true,"href":"http:\/\/www.luigiaccattoli.it\/blog\/wp-json\/wp\/v2\/users\/1"}],"replies":[{"embeddable":true,"href":"http:\/\/www.luigiaccattoli.it\/blog\/wp-json\/wp\/v2\/comments?post=25605"}],"version-history":[{"count":3,"href":"http:\/\/www.luigiaccattoli.it\/blog\/wp-json\/wp\/v2\/posts\/25605\/revisions"}],"predecessor-version":[{"id":25608,"href":"http:\/\/www.luigiaccattoli.it\/blog\/wp-json\/wp\/v2\/posts\/25605\/revisions\/25608"}],"wp:attachment":[{"href":"http:\/\/www.luigiaccattoli.it\/blog\/wp-json\/wp\/v2\/media?parent=25605"}],"wp:term":[{"taxonomy":"category","embeddable":true,"href":"http:\/\/www.luigiaccattoli.it\/blog\/wp-json\/wp\/v2\/categories?post=25605"},{"taxonomy":"post_tag","embeddable":true,"href":"http:\/\/www.luigiaccattoli.it\/blog\/wp-json\/wp\/v2\/tags?post=25605"}],"curies":[{"name":"wp","href":"https:\/\/api.w.org\/{rel}","templated":true}]}}