{"id":26784,"date":"2021-07-29T21:54:32","date_gmt":"2021-07-29T19:54:32","guid":{"rendered":"http:\/\/www.luigiaccattoli.it\/blog\/?p=26784"},"modified":"2021-07-29T21:54:35","modified_gmt":"2021-07-29T19:54:35","slug":"diario-del-long-covid-la-fatica-del-respiro-come-immagine-della-fatica-di-vivere","status":"publish","type":"post","link":"http:\/\/www.luigiaccattoli.it\/blog\/diario-del-long-covid-la-fatica-del-respiro-come-immagine-della-fatica-di-vivere\/","title":{"rendered":"Diario del Long Covid: la fatica del respiro come immagine della fatica di vivere"},"content":{"rendered":"\n<p>Capita che lo psichiatra ti interroghi su che cosa tu ti sia portato dietro dall&#8217;esperienza della polmonite da Covid 19 e delle crisi del respiro che in essa hai vissuto e pu\u00f2 capitare che tu risponda &#8211; a me \u00e8 capitato &#8211; che te ne \u00e8 restata come l&#8217;impressione di vivere a ogni crisi l&#8217;imminenza dell&#8217;ultimo respiro. Nel primo commento provo a dire meglio questa impressione. <\/p>\n","protected":false},"excerpt":{"rendered":"<p>Capita che lo psichiatra ti interroghi su che cosa tu ti sia portato dietro dall&#8217;esperienza della polmonite da Covid 19 e delle crisi del respiro che in essa hai vissuto&#8230;<\/p>\n<div class=\"more-link-wrapper\"><a class=\"more-link\" href=\"http:\/\/www.luigiaccattoli.it\/blog\/diario-del-long-covid-la-fatica-del-respiro-come-immagine-della-fatica-di-vivere\/\">Read More<span class=\"screen-reader-text\">Diario del Long Covid: la fatica del respiro come immagine della fatica di vivere<\/span><\/a><\/div>\n","protected":false},"author":1,"featured_media":0,"comment_status":"open","ping_status":"closed","sticky":false,"template":"","format":"standard","meta":{"_monsterinsights_skip_tracking":false,"_monsterinsights_sitenote_active":false,"_monsterinsights_sitenote_note":"","_monsterinsights_sitenote_category":0,"footnotes":""},"categories":[1],"tags":[],"class_list":["post-26784","post","type-post","status-publish","format-standard","hentry","category-varie","excerpt"],"_links":{"self":[{"href":"http:\/\/www.luigiaccattoli.it\/blog\/wp-json\/wp\/v2\/posts\/26784","targetHints":{"allow":["GET"]}}],"collection":[{"href":"http:\/\/www.luigiaccattoli.it\/blog\/wp-json\/wp\/v2\/posts"}],"about":[{"href":"http:\/\/www.luigiaccattoli.it\/blog\/wp-json\/wp\/v2\/types\/post"}],"author":[{"embeddable":true,"href":"http:\/\/www.luigiaccattoli.it\/blog\/wp-json\/wp\/v2\/users\/1"}],"replies":[{"embeddable":true,"href":"http:\/\/www.luigiaccattoli.it\/blog\/wp-json\/wp\/v2\/comments?post=26784"}],"version-history":[{"count":1,"href":"http:\/\/www.luigiaccattoli.it\/blog\/wp-json\/wp\/v2\/posts\/26784\/revisions"}],"predecessor-version":[{"id":26785,"href":"http:\/\/www.luigiaccattoli.it\/blog\/wp-json\/wp\/v2\/posts\/26784\/revisions\/26785"}],"wp:attachment":[{"href":"http:\/\/www.luigiaccattoli.it\/blog\/wp-json\/wp\/v2\/media?parent=26784"}],"wp:term":[{"taxonomy":"category","embeddable":true,"href":"http:\/\/www.luigiaccattoli.it\/blog\/wp-json\/wp\/v2\/categories?post=26784"},{"taxonomy":"post_tag","embeddable":true,"href":"http:\/\/www.luigiaccattoli.it\/blog\/wp-json\/wp\/v2\/tags?post=26784"}],"curies":[{"name":"wp","href":"https:\/\/api.w.org\/{rel}","templated":true}]}}