{"id":26924,"date":"2021-08-27T11:21:38","date_gmt":"2021-08-27T09:21:38","guid":{"rendered":"http:\/\/www.luigiaccattoli.it\/blog\/?p=26924"},"modified":"2021-08-27T14:02:09","modified_gmt":"2021-08-27T12:02:09","slug":"enzo-galli-morto-di-covid-mi-affido-totalmente-alla-volonta-di-dio","status":"publish","type":"post","link":"http:\/\/www.luigiaccattoli.it\/blog\/enzo-galli-morto-di-covid-mi-affido-totalmente-alla-volonta-di-dio\/","title":{"rendered":"Enzo Galli morto di Covid: \u201cMi affido totalmente alla volont\u00e0 di Dio\u201d"},"content":{"rendered":"\n<p>\u00abMi intubano, ora ti saluto. Amore da domani non parleremo pi\u00f9. Mi affido totalmente alla volont\u00e0 di Dio e alle decisioni che prenderete. Vi amo tanto. Stai sicura che Dio \u00e8 pi\u00f9 grande\u00bb: cos\u00ec Enzo Galli &#8211; 45 anni, morto all\u2019ospedale di Careggi, Firenze, il 25 agosto \u2013 aveva parlato alla moglie Simonetta Filippi il 29 maggio e da allora non era mai uscito dall\u2019intubazione. Nel primo commento il sommario della vicenda come \u00e8 stata narrata dal Corriere Fiorentino e dal Corriere della Sera del 25, 26, 27 agosto.<\/p>\n","protected":false},"excerpt":{"rendered":"<p>\u00abMi intubano, ora ti saluto. Amore da domani non parleremo pi\u00f9. Mi affido totalmente alla volont\u00e0 di Dio e alle decisioni che prenderete. Vi amo tanto. Stai sicura che Dio&#8230;<\/p>\n<div class=\"more-link-wrapper\"><a class=\"more-link\" href=\"http:\/\/www.luigiaccattoli.it\/blog\/enzo-galli-morto-di-covid-mi-affido-totalmente-alla-volonta-di-dio\/\">Read More<span class=\"screen-reader-text\">Enzo Galli morto di Covid: \u201cMi affido totalmente alla volont\u00e0 di Dio\u201d<\/span><\/a><\/div>\n","protected":false},"author":1,"featured_media":0,"comment_status":"open","ping_status":"closed","sticky":false,"template":"","format":"standard","meta":{"_monsterinsights_skip_tracking":false,"_monsterinsights_sitenote_active":false,"_monsterinsights_sitenote_note":"","_monsterinsights_sitenote_category":0,"footnotes":""},"categories":[1],"tags":[],"class_list":["post-26924","post","type-post","status-publish","format-standard","hentry","category-varie","excerpt"],"_links":{"self":[{"href":"http:\/\/www.luigiaccattoli.it\/blog\/wp-json\/wp\/v2\/posts\/26924","targetHints":{"allow":["GET"]}}],"collection":[{"href":"http:\/\/www.luigiaccattoli.it\/blog\/wp-json\/wp\/v2\/posts"}],"about":[{"href":"http:\/\/www.luigiaccattoli.it\/blog\/wp-json\/wp\/v2\/types\/post"}],"author":[{"embeddable":true,"href":"http:\/\/www.luigiaccattoli.it\/blog\/wp-json\/wp\/v2\/users\/1"}],"replies":[{"embeddable":true,"href":"http:\/\/www.luigiaccattoli.it\/blog\/wp-json\/wp\/v2\/comments?post=26924"}],"version-history":[{"count":3,"href":"http:\/\/www.luigiaccattoli.it\/blog\/wp-json\/wp\/v2\/posts\/26924\/revisions"}],"predecessor-version":[{"id":26928,"href":"http:\/\/www.luigiaccattoli.it\/blog\/wp-json\/wp\/v2\/posts\/26924\/revisions\/26928"}],"wp:attachment":[{"href":"http:\/\/www.luigiaccattoli.it\/blog\/wp-json\/wp\/v2\/media?parent=26924"}],"wp:term":[{"taxonomy":"category","embeddable":true,"href":"http:\/\/www.luigiaccattoli.it\/blog\/wp-json\/wp\/v2\/categories?post=26924"},{"taxonomy":"post_tag","embeddable":true,"href":"http:\/\/www.luigiaccattoli.it\/blog\/wp-json\/wp\/v2\/tags?post=26924"}],"curies":[{"name":"wp","href":"https:\/\/api.w.org\/{rel}","templated":true}]}}