{"id":27134,"date":"2021-10-27T18:38:40","date_gmt":"2021-10-27T16:38:40","guid":{"rendered":"http:\/\/www.luigiaccattoli.it\/blog\/?p=27134"},"modified":"2021-10-28T10:26:25","modified_gmt":"2021-10-28T08:26:25","slug":"papa-luciani-si-sentiva-inadeguato-ma-era-solo-umilta-ed-e-questo-che-lo-fa-santo","status":"publish","type":"post","link":"http:\/\/www.luigiaccattoli.it\/blog\/papa-luciani-si-sentiva-inadeguato-ma-era-solo-umilta-ed-e-questo-che-lo-fa-santo\/","title":{"rendered":"Luciani si sentiva inadeguato ma era solo umilt\u00e0 ed essa lo fa santo"},"content":{"rendered":"\n<figure class=\"wp-block-image size-large is-resized\"><a href=\"http:\/\/www.luigiaccattoli.it\/blog\/wp-content\/uploads\/2021\/10\/IMG_20211027_182615.jpg\"><img loading=\"lazy\" decoding=\"async\" src=\"http:\/\/www.luigiaccattoli.it\/blog\/wp-content\/uploads\/2021\/10\/IMG_20211027_182615.jpg\" alt=\"\" class=\"wp-image-27135\" width=\"311\" height=\"289\" srcset=\"http:\/\/www.luigiaccattoli.it\/blog\/wp-content\/uploads\/2021\/10\/IMG_20211027_182615.jpg 908w, http:\/\/www.luigiaccattoli.it\/blog\/wp-content\/uploads\/2021\/10\/IMG_20211027_182615-300x279.jpg 300w, http:\/\/www.luigiaccattoli.it\/blog\/wp-content\/uploads\/2021\/10\/IMG_20211027_182615-768x714.jpg 768w\" sizes=\"auto, (max-width: 311px) 100vw, 311px\" \/><\/a><figcaption>Giovanni Paolo I &#8211; foto Felici &#8211; la considero la pi\u00f9 bella delle foto di Luciani da Papa: essa bene interpreta lo struggimento del sorriso che lo caratterizzava e che l&#8217;aiut\u00f2 a entrare nel cuore della gente<\/figcaption><\/figure>\n\n\n\n<p>\u00abPapa Luciani si sentiva inadeguato: non aveva esperienza diplomatica, o curiale, o d&#8217;insegnamento. Era intimorito dalle responsabilit\u00e0 di governo e dai dibattiti sul futuro della Chiesa. Aveva partecipato a tutte le sessioni del Concilio senza mai intervenire. Quando lo fanno vescovo di Vittorio Veneto si sente \u2018perduto\u2019: \u201c\u00c8 tutto troppo grande per me\u201d. Mandato a Venezia dir\u00e0: \u201cNon so fare il patriarca\u201d. Figuriamoci fare il Papa. Un\u2019umilt\u00e0 che forse \u00e8 il primo titolo della sua santit\u00e0. Ma anche uno spavento per le decisioni da prendere, che forse ne ha affrettato la morte\u00bb. \u00e9 un brano di una <a href=\"https:\/\/www.santalessandro.org\/2021\/10\/22\/giovanni-paolo-i-diventa-beato-accattoli-lumilta-primo-titolo-della-sua-santita\/\">mia intervista a santalessandro.org &#8211; settimanale della diocesi di Bergamo<\/a>. La riporto per intero nei commenti<\/p>\n","protected":false},"excerpt":{"rendered":"<p>\u00abPapa Luciani si sentiva inadeguato: non aveva esperienza diplomatica, o curiale, o d&#8217;insegnamento. Era intimorito dalle responsabilit\u00e0 di governo e dai dibattiti sul futuro della Chiesa. Aveva partecipato a tutte&#8230;<\/p>\n<div class=\"more-link-wrapper\"><a class=\"more-link\" href=\"http:\/\/www.luigiaccattoli.it\/blog\/papa-luciani-si-sentiva-inadeguato-ma-era-solo-umilta-ed-e-questo-che-lo-fa-santo\/\">Read More<span class=\"screen-reader-text\">Luciani si sentiva inadeguato ma era solo umilt\u00e0 ed essa lo fa santo<\/span><\/a><\/div>\n","protected":false},"author":1,"featured_media":0,"comment_status":"open","ping_status":"closed","sticky":false,"template":"","format":"standard","meta":{"_monsterinsights_skip_tracking":false,"_monsterinsights_sitenote_active":false,"_monsterinsights_sitenote_note":"","_monsterinsights_sitenote_category":0,"footnotes":""},"categories":[1],"tags":[],"class_list":["post-27134","post","type-post","status-publish","format-standard","hentry","category-varie","excerpt"],"_links":{"self":[{"href":"http:\/\/www.luigiaccattoli.it\/blog\/wp-json\/wp\/v2\/posts\/27134","targetHints":{"allow":["GET"]}}],"collection":[{"href":"http:\/\/www.luigiaccattoli.it\/blog\/wp-json\/wp\/v2\/posts"}],"about":[{"href":"http:\/\/www.luigiaccattoli.it\/blog\/wp-json\/wp\/v2\/types\/post"}],"author":[{"embeddable":true,"href":"http:\/\/www.luigiaccattoli.it\/blog\/wp-json\/wp\/v2\/users\/1"}],"replies":[{"embeddable":true,"href":"http:\/\/www.luigiaccattoli.it\/blog\/wp-json\/wp\/v2\/comments?post=27134"}],"version-history":[{"count":5,"href":"http:\/\/www.luigiaccattoli.it\/blog\/wp-json\/wp\/v2\/posts\/27134\/revisions"}],"predecessor-version":[{"id":27143,"href":"http:\/\/www.luigiaccattoli.it\/blog\/wp-json\/wp\/v2\/posts\/27134\/revisions\/27143"}],"wp:attachment":[{"href":"http:\/\/www.luigiaccattoli.it\/blog\/wp-json\/wp\/v2\/media?parent=27134"}],"wp:term":[{"taxonomy":"category","embeddable":true,"href":"http:\/\/www.luigiaccattoli.it\/blog\/wp-json\/wp\/v2\/categories?post=27134"},{"taxonomy":"post_tag","embeddable":true,"href":"http:\/\/www.luigiaccattoli.it\/blog\/wp-json\/wp\/v2\/tags?post=27134"}],"curies":[{"name":"wp","href":"https:\/\/api.w.org\/{rel}","templated":true}]}}