{"id":27194,"date":"2021-11-06T18:51:54","date_gmt":"2021-11-06T17:51:54","guid":{"rendered":"http:\/\/www.luigiaccattoli.it\/blog\/?p=27194"},"modified":"2021-11-06T18:54:09","modified_gmt":"2021-11-06T17:54:09","slug":"con-gesu-nella-sinagoga-di-nazareth-ma-che-dice-mai-questo-falegname","status":"publish","type":"post","link":"http:\/\/www.luigiaccattoli.it\/blog\/con-gesu-nella-sinagoga-di-nazareth-ma-che-dice-mai-questo-falegname\/","title":{"rendered":"Con Ges\u00f9 nella sinagoga di Nazaret: ma che dice mai questo falegname?"},"content":{"rendered":"\n<figure class=\"wp-block-image size-large is-resized\"><a href=\"http:\/\/www.luigiaccattoli.it\/blog\/wp-content\/uploads\/2021\/11\/image-33.png\"><img loading=\"lazy\" decoding=\"async\" src=\"http:\/\/www.luigiaccattoli.it\/blog\/wp-content\/uploads\/2021\/11\/image-33.png\" alt=\"\" class=\"wp-image-27195\" width=\"309\" height=\"194\" srcset=\"http:\/\/www.luigiaccattoli.it\/blog\/wp-content\/uploads\/2021\/11\/image-33.png 478w, http:\/\/www.luigiaccattoli.it\/blog\/wp-content\/uploads\/2021\/11\/image-33-300x188.png 300w\" sizes=\"auto, (max-width: 309px) 100vw, 309px\" \/><\/a><\/figure>\n\n\n\n<p>Luned\u00ec 8 novembre a Pizza e Vangelo, via Zoom, leggiamo da Marco 6, 1-6 il rifiuto della predicazione di Ges\u00f9 da parte dei compaesani di Nazaret: &#8220;Non \u00e8 costui il falegname?&#8221;; e il Maestro che &#8220;si meravigliava della loro incredulit\u00e0&#8221;. Nei commenti la scheda di preparazione alla lectio e l&#8217;invito di tutti a partecipare. <\/p>\n","protected":false},"excerpt":{"rendered":"<p>Luned\u00ec 8 novembre a Pizza e Vangelo, via Zoom, leggiamo da Marco 6, 1-6 il rifiuto della predicazione di Ges\u00f9 da parte dei compaesani di Nazaret: &#8220;Non \u00e8 costui il&#8230;<\/p>\n<div class=\"more-link-wrapper\"><a class=\"more-link\" href=\"http:\/\/www.luigiaccattoli.it\/blog\/con-gesu-nella-sinagoga-di-nazareth-ma-che-dice-mai-questo-falegname\/\">Read More<span class=\"screen-reader-text\">Con Ges\u00f9 nella sinagoga di Nazaret: ma che dice mai questo falegname?<\/span><\/a><\/div>\n","protected":false},"author":1,"featured_media":0,"comment_status":"open","ping_status":"closed","sticky":false,"template":"","format":"standard","meta":{"_monsterinsights_skip_tracking":false,"_monsterinsights_sitenote_active":false,"_monsterinsights_sitenote_note":"","_monsterinsights_sitenote_category":0,"footnotes":""},"categories":[1],"tags":[],"class_list":["post-27194","post","type-post","status-publish","format-standard","hentry","category-varie","excerpt"],"_links":{"self":[{"href":"http:\/\/www.luigiaccattoli.it\/blog\/wp-json\/wp\/v2\/posts\/27194","targetHints":{"allow":["GET"]}}],"collection":[{"href":"http:\/\/www.luigiaccattoli.it\/blog\/wp-json\/wp\/v2\/posts"}],"about":[{"href":"http:\/\/www.luigiaccattoli.it\/blog\/wp-json\/wp\/v2\/types\/post"}],"author":[{"embeddable":true,"href":"http:\/\/www.luigiaccattoli.it\/blog\/wp-json\/wp\/v2\/users\/1"}],"replies":[{"embeddable":true,"href":"http:\/\/www.luigiaccattoli.it\/blog\/wp-json\/wp\/v2\/comments?post=27194"}],"version-history":[{"count":2,"href":"http:\/\/www.luigiaccattoli.it\/blog\/wp-json\/wp\/v2\/posts\/27194\/revisions"}],"predecessor-version":[{"id":27198,"href":"http:\/\/www.luigiaccattoli.it\/blog\/wp-json\/wp\/v2\/posts\/27194\/revisions\/27198"}],"wp:attachment":[{"href":"http:\/\/www.luigiaccattoli.it\/blog\/wp-json\/wp\/v2\/media?parent=27194"}],"wp:term":[{"taxonomy":"category","embeddable":true,"href":"http:\/\/www.luigiaccattoli.it\/blog\/wp-json\/wp\/v2\/categories?post=27194"},{"taxonomy":"post_tag","embeddable":true,"href":"http:\/\/www.luigiaccattoli.it\/blog\/wp-json\/wp\/v2\/tags?post=27194"}],"curies":[{"name":"wp","href":"https:\/\/api.w.org\/{rel}","templated":true}]}}