{"id":27261,"date":"2021-11-22T22:29:21","date_gmt":"2021-11-22T21:29:21","guid":{"rendered":"http:\/\/www.luigiaccattoli.it\/blog\/?p=27261"},"modified":"2021-11-23T08:39:53","modified_gmt":"2021-11-23T07:39:53","slug":"santa-margherita-di-citta-di-castello-patrona-dei-ciechi-e-degli-scartati","status":"publish","type":"post","link":"http:\/\/www.luigiaccattoli.it\/blog\/santa-margherita-di-citta-di-castello-patrona-dei-ciechi-e-degli-scartati\/","title":{"rendered":"Margherita di Citt\u00e0 di Castello patrona dei ciechi e degli scartati"},"content":{"rendered":"\n<p><\/p>\n\n\n\n<figure class=\"wp-block-image size-large is-resized\"><a href=\"http:\/\/www.luigiaccattoli.it\/blog\/wp-content\/uploads\/2021\/11\/image-34.png\"><img loading=\"lazy\" decoding=\"async\" src=\"http:\/\/www.luigiaccattoli.it\/blog\/wp-content\/uploads\/2021\/11\/image-34.png\" alt=\"\" class=\"wp-image-27262\" width=\"318\" height=\"212\" srcset=\"http:\/\/www.luigiaccattoli.it\/blog\/wp-content\/uploads\/2021\/11\/image-34.png 1024w, http:\/\/www.luigiaccattoli.it\/blog\/wp-content\/uploads\/2021\/11\/image-34-300x200.png 300w, http:\/\/www.luigiaccattoli.it\/blog\/wp-content\/uploads\/2021\/11\/image-34-768x512.png 768w\" sizes=\"auto, (max-width: 318px) 100vw, 318px\" \/><\/a><figcaption>Santa Margherita nel  polittico che \u00e8 nella chiesa di San Domenico a Citt\u00e0 di Castello, dove la santa \u00e8 sepolta. Nei commenti il testo della conferenza sull&#8217;attualit\u00e0 di Margherita che ho tenuto venerd\u00ec a Castello<\/figcaption><\/figure>\n","protected":false},"excerpt":{"rendered":"","protected":false},"author":1,"featured_media":0,"comment_status":"open","ping_status":"closed","sticky":false,"template":"","format":"standard","meta":{"_monsterinsights_skip_tracking":false,"_monsterinsights_sitenote_active":false,"_monsterinsights_sitenote_note":"","_monsterinsights_sitenote_category":0,"footnotes":""},"categories":[1],"tags":[],"class_list":["post-27261","post","type-post","status-publish","format-standard","hentry","category-varie","excerpt"],"_links":{"self":[{"href":"http:\/\/www.luigiaccattoli.it\/blog\/wp-json\/wp\/v2\/posts\/27261","targetHints":{"allow":["GET"]}}],"collection":[{"href":"http:\/\/www.luigiaccattoli.it\/blog\/wp-json\/wp\/v2\/posts"}],"about":[{"href":"http:\/\/www.luigiaccattoli.it\/blog\/wp-json\/wp\/v2\/types\/post"}],"author":[{"embeddable":true,"href":"http:\/\/www.luigiaccattoli.it\/blog\/wp-json\/wp\/v2\/users\/1"}],"replies":[{"embeddable":true,"href":"http:\/\/www.luigiaccattoli.it\/blog\/wp-json\/wp\/v2\/comments?post=27261"}],"version-history":[{"count":2,"href":"http:\/\/www.luigiaccattoli.it\/blog\/wp-json\/wp\/v2\/posts\/27261\/revisions"}],"predecessor-version":[{"id":27264,"href":"http:\/\/www.luigiaccattoli.it\/blog\/wp-json\/wp\/v2\/posts\/27261\/revisions\/27264"}],"wp:attachment":[{"href":"http:\/\/www.luigiaccattoli.it\/blog\/wp-json\/wp\/v2\/media?parent=27261"}],"wp:term":[{"taxonomy":"category","embeddable":true,"href":"http:\/\/www.luigiaccattoli.it\/blog\/wp-json\/wp\/v2\/categories?post=27261"},{"taxonomy":"post_tag","embeddable":true,"href":"http:\/\/www.luigiaccattoli.it\/blog\/wp-json\/wp\/v2\/tags?post=27261"}],"curies":[{"name":"wp","href":"https:\/\/api.w.org\/{rel}","templated":true}]}}