{"id":27504,"date":"2022-02-18T13:15:09","date_gmt":"2022-02-18T12:15:09","guid":{"rendered":"http:\/\/www.luigiaccattoli.it\/blog\/?p=27504"},"modified":"2022-02-18T14:55:43","modified_gmt":"2022-02-18T13:55:43","slug":"francesco-il-celibato-e-un-dono-che-la-chiesa-latina-custodisce","status":"publish","type":"post","link":"http:\/\/www.luigiaccattoli.it\/blog\/francesco-il-celibato-e-un-dono-che-la-chiesa-latina-custodisce\/","title":{"rendered":"Francesco: &#8220;Il celibato \u00e8 un dono che la Chiesa latina custodisce&#8221;"},"content":{"rendered":"\n<p>Aprendo ieri in Vaticano un Simposio internazionale \u201cPer una teologia fondamentale del sacerdozio\u201d, promosso dal cardinale Marc Ouellet, prefetto della Congregazione per i Vescovi, Francesco ha avuto alcune sobrie parole sul celibato dei preti, mirate a segnalare che la fedelt\u00e0 a esso pu\u00f2 risultare meno drammatica se vissuto in una sana relazione amicale nell&#8217;ambito della comunit\u00e0 presbiterale. Quelle parole sono state interpretate dai media come una risposta anticipata al Sinodo della Chiesa tedesca, che sollecita l&#8217;ammissione al sacerdozio di uomini maturi (viri probati) viventi nel matrimonio.  Nei commenti riporto le parole del Papa, nego che siano una risposta al Sinodo tedesco, le inquadro nell&#8217;insieme della vasta riflessione &#8211; anche autobiografica &#8211; proposta ieri da Francesco, richiamo la mia posizione sul celibato dei preti, esposta pi\u00f9 volte qui nel blog, che consiste nell&#8217;adozione di una disciplina mista, celibe e sposata, del sacerdozio anche nella Chiesa latina. <\/p>\n","protected":false},"excerpt":{"rendered":"<p>Aprendo ieri in Vaticano un Simposio internazionale \u201cPer una teologia fondamentale del sacerdozio\u201d, promosso dal cardinale Marc Ouellet, prefetto della Congregazione per i Vescovi, Francesco ha avuto alcune sobrie parole&#8230;<\/p>\n<div class=\"more-link-wrapper\"><a class=\"more-link\" href=\"http:\/\/www.luigiaccattoli.it\/blog\/francesco-il-celibato-e-un-dono-che-la-chiesa-latina-custodisce\/\">Read More<span class=\"screen-reader-text\">Francesco: &#8220;Il celibato \u00e8 un dono che la Chiesa latina custodisce&#8221;<\/span><\/a><\/div>\n","protected":false},"author":1,"featured_media":0,"comment_status":"open","ping_status":"closed","sticky":false,"template":"","format":"standard","meta":{"_monsterinsights_skip_tracking":false,"_monsterinsights_sitenote_active":false,"_monsterinsights_sitenote_note":"","_monsterinsights_sitenote_category":0,"footnotes":""},"categories":[1],"tags":[],"class_list":["post-27504","post","type-post","status-publish","format-standard","hentry","category-varie","excerpt"],"_links":{"self":[{"href":"http:\/\/www.luigiaccattoli.it\/blog\/wp-json\/wp\/v2\/posts\/27504","targetHints":{"allow":["GET"]}}],"collection":[{"href":"http:\/\/www.luigiaccattoli.it\/blog\/wp-json\/wp\/v2\/posts"}],"about":[{"href":"http:\/\/www.luigiaccattoli.it\/blog\/wp-json\/wp\/v2\/types\/post"}],"author":[{"embeddable":true,"href":"http:\/\/www.luigiaccattoli.it\/blog\/wp-json\/wp\/v2\/users\/1"}],"replies":[{"embeddable":true,"href":"http:\/\/www.luigiaccattoli.it\/blog\/wp-json\/wp\/v2\/comments?post=27504"}],"version-history":[{"count":2,"href":"http:\/\/www.luigiaccattoli.it\/blog\/wp-json\/wp\/v2\/posts\/27504\/revisions"}],"predecessor-version":[{"id":27507,"href":"http:\/\/www.luigiaccattoli.it\/blog\/wp-json\/wp\/v2\/posts\/27504\/revisions\/27507"}],"wp:attachment":[{"href":"http:\/\/www.luigiaccattoli.it\/blog\/wp-json\/wp\/v2\/media?parent=27504"}],"wp:term":[{"taxonomy":"category","embeddable":true,"href":"http:\/\/www.luigiaccattoli.it\/blog\/wp-json\/wp\/v2\/categories?post=27504"},{"taxonomy":"post_tag","embeddable":true,"href":"http:\/\/www.luigiaccattoli.it\/blog\/wp-json\/wp\/v2\/tags?post=27504"}],"curies":[{"name":"wp","href":"https:\/\/api.w.org\/{rel}","templated":true}]}}