{"id":27766,"date":"2022-04-02T12:06:19","date_gmt":"2022-04-02T10:06:19","guid":{"rendered":"http:\/\/www.luigiaccattoli.it\/blog\/?p=27766"},"modified":"2022-04-02T13:45:03","modified_gmt":"2022-04-02T11:45:03","slug":"oggi-dalle-16-00-alle-18-00-sono-a-tv2000-per-il-papa-a-malta-che-gia-pensa-di-andare-a-kiev","status":"publish","type":"post","link":"http:\/\/www.luigiaccattoli.it\/blog\/oggi-dalle-16-00-alle-18-00-sono-a-tv2000-per-il-papa-a-malta-che-gia-pensa-di-andare-a-kiev\/","title":{"rendered":"Oggi dalle 16.45 alle 18.00 sono a TV2000 per il Papa a Malta: che gi\u00e0 pensa di andare a Kiev"},"content":{"rendered":"\n<p>E&#8217; il 36.mo viaggio fuori Italia, di due soli giorni: &#8220;\u00e8 breve e sar\u00e0 bello&#8221; ha detto Francesco in aereo ai giornalisti. Ai quali ha pure confidato che &#8220;\u00e8 sul tavolo l&#8217;idea di un viaggio a Kiev&#8221;.&nbsp;<\/p>\n","protected":false},"excerpt":{"rendered":"<p>E&#8217; il 36.mo viaggio fuori Italia, di due soli giorni: &#8220;\u00e8 breve e sar\u00e0 bello&#8221; ha detto Francesco in aereo ai giornalisti. Ai quali ha pure confidato che &#8220;\u00e8 sul&#8230;<\/p>\n<div class=\"more-link-wrapper\"><a class=\"more-link\" href=\"http:\/\/www.luigiaccattoli.it\/blog\/oggi-dalle-16-00-alle-18-00-sono-a-tv2000-per-il-papa-a-malta-che-gia-pensa-di-andare-a-kiev\/\">Read More<span class=\"screen-reader-text\">Oggi dalle 16.45 alle 18.00 sono a TV2000 per il Papa a Malta: che gi\u00e0 pensa di andare a Kiev<\/span><\/a><\/div>\n","protected":false},"author":1,"featured_media":0,"comment_status":"open","ping_status":"closed","sticky":false,"template":"","format":"standard","meta":{"_monsterinsights_skip_tracking":false,"_monsterinsights_sitenote_active":false,"_monsterinsights_sitenote_note":"","_monsterinsights_sitenote_category":0,"footnotes":""},"categories":[1],"tags":[],"class_list":["post-27766","post","type-post","status-publish","format-standard","hentry","category-varie","excerpt"],"_links":{"self":[{"href":"http:\/\/www.luigiaccattoli.it\/blog\/wp-json\/wp\/v2\/posts\/27766","targetHints":{"allow":["GET"]}}],"collection":[{"href":"http:\/\/www.luigiaccattoli.it\/blog\/wp-json\/wp\/v2\/posts"}],"about":[{"href":"http:\/\/www.luigiaccattoli.it\/blog\/wp-json\/wp\/v2\/types\/post"}],"author":[{"embeddable":true,"href":"http:\/\/www.luigiaccattoli.it\/blog\/wp-json\/wp\/v2\/users\/1"}],"replies":[{"embeddable":true,"href":"http:\/\/www.luigiaccattoli.it\/blog\/wp-json\/wp\/v2\/comments?post=27766"}],"version-history":[{"count":3,"href":"http:\/\/www.luigiaccattoli.it\/blog\/wp-json\/wp\/v2\/posts\/27766\/revisions"}],"predecessor-version":[{"id":27770,"href":"http:\/\/www.luigiaccattoli.it\/blog\/wp-json\/wp\/v2\/posts\/27766\/revisions\/27770"}],"wp:attachment":[{"href":"http:\/\/www.luigiaccattoli.it\/blog\/wp-json\/wp\/v2\/media?parent=27766"}],"wp:term":[{"taxonomy":"category","embeddable":true,"href":"http:\/\/www.luigiaccattoli.it\/blog\/wp-json\/wp\/v2\/categories?post=27766"},{"taxonomy":"post_tag","embeddable":true,"href":"http:\/\/www.luigiaccattoli.it\/blog\/wp-json\/wp\/v2\/tags?post=27766"}],"curies":[{"name":"wp","href":"https:\/\/api.w.org\/{rel}","templated":true}]}}