{"id":27819,"date":"2022-04-13T00:01:12","date_gmt":"2022-04-12T22:01:12","guid":{"rendered":"http:\/\/www.luigiaccattoli.it\/blog\/?p=27819"},"modified":"2022-04-13T12:32:13","modified_gmt":"2022-04-13T10:32:13","slug":"sto-con-albina-e-irina-che-venerdi-sera-al-colosseo-porteranno-insieme-la-croce-alla-xiiia-stazione","status":"publish","type":"post","link":"http:\/\/www.luigiaccattoli.it\/blog\/sto-con-albina-e-irina-che-venerdi-sera-al-colosseo-porteranno-insieme-la-croce-alla-xiiia-stazione\/","title":{"rendered":"Sto con Albina e Irina che venerd\u00ec sera al Colosseo porteranno insieme la Croce alla XIIIa stazione"},"content":{"rendered":"\n<p>Rientro da Bolzano, come si pu\u00f2 leggere al post precedente, e trovo la polemica sulla scelta del Papa di chiamare una donna ucraina e una donna russa a portare insieme la Croce alla XIIIa stazione: un&#8217;infermiera ucraina (Irina) e una studentessa russa (Albina) residenti a Roma . Non ho tempo di approfondire: domani lo far\u00f2. Ma voglio dire subito che condivido quella chiamata. La guerra di Ucraina \u00e8 anche una guerra tra cristiani. E&#8217; molte altre cose, ma \u00e8 anche questo. Nella chiamata di Francesco c&#8217;\u00e8 anche l&#8217;intenzione di aiutare i cristiani russi e i cristiani ucraini a non fare di questa guerra sacrilega una rissa cristiana. Nel primo commento il tweet inviato oggi dal Papa, nel quale possiamo vedere una risposta alle voci polemiche provocate dalla chiamata delle due donne.<\/p>\n","protected":false},"excerpt":{"rendered":"<p>Rientro da Bolzano, come si pu\u00f2 leggere al post precedente, e trovo la polemica sulla scelta del Papa di chiamare una donna ucraina e una donna russa a portare insieme&#8230;<\/p>\n<div class=\"more-link-wrapper\"><a class=\"more-link\" href=\"http:\/\/www.luigiaccattoli.it\/blog\/sto-con-albina-e-irina-che-venerdi-sera-al-colosseo-porteranno-insieme-la-croce-alla-xiiia-stazione\/\">Read More<span class=\"screen-reader-text\">Sto con Albina e Irina che venerd\u00ec sera al Colosseo porteranno insieme la Croce alla XIIIa stazione<\/span><\/a><\/div>\n","protected":false},"author":1,"featured_media":0,"comment_status":"open","ping_status":"closed","sticky":false,"template":"","format":"standard","meta":{"_monsterinsights_skip_tracking":false,"_monsterinsights_sitenote_active":false,"_monsterinsights_sitenote_note":"","_monsterinsights_sitenote_category":0,"footnotes":""},"categories":[1],"tags":[],"class_list":["post-27819","post","type-post","status-publish","format-standard","hentry","category-varie","excerpt"],"_links":{"self":[{"href":"http:\/\/www.luigiaccattoli.it\/blog\/wp-json\/wp\/v2\/posts\/27819","targetHints":{"allow":["GET"]}}],"collection":[{"href":"http:\/\/www.luigiaccattoli.it\/blog\/wp-json\/wp\/v2\/posts"}],"about":[{"href":"http:\/\/www.luigiaccattoli.it\/blog\/wp-json\/wp\/v2\/types\/post"}],"author":[{"embeddable":true,"href":"http:\/\/www.luigiaccattoli.it\/blog\/wp-json\/wp\/v2\/users\/1"}],"replies":[{"embeddable":true,"href":"http:\/\/www.luigiaccattoli.it\/blog\/wp-json\/wp\/v2\/comments?post=27819"}],"version-history":[{"count":2,"href":"http:\/\/www.luigiaccattoli.it\/blog\/wp-json\/wp\/v2\/posts\/27819\/revisions"}],"predecessor-version":[{"id":27822,"href":"http:\/\/www.luigiaccattoli.it\/blog\/wp-json\/wp\/v2\/posts\/27819\/revisions\/27822"}],"wp:attachment":[{"href":"http:\/\/www.luigiaccattoli.it\/blog\/wp-json\/wp\/v2\/media?parent=27819"}],"wp:term":[{"taxonomy":"category","embeddable":true,"href":"http:\/\/www.luigiaccattoli.it\/blog\/wp-json\/wp\/v2\/categories?post=27819"},{"taxonomy":"post_tag","embeddable":true,"href":"http:\/\/www.luigiaccattoli.it\/blog\/wp-json\/wp\/v2\/tags?post=27819"}],"curies":[{"name":"wp","href":"https:\/\/api.w.org\/{rel}","templated":true}]}}