{"id":27990,"date":"2022-05-27T22:07:13","date_gmt":"2022-05-27T20:07:13","guid":{"rendered":"http:\/\/www.luigiaccattoli.it\/blog\/?p=27990"},"modified":"2022-05-27T22:07:16","modified_gmt":"2022-05-27T20:07:16","slug":"il-cardinale-zuppi-annuncia-un-rapporto-sugli-abusi-sessuali-dei-preti-in-italia","status":"publish","type":"post","link":"http:\/\/www.luigiaccattoli.it\/blog\/il-cardinale-zuppi-annuncia-un-rapporto-sugli-abusi-sessuali-dei-preti-in-italia\/","title":{"rendered":"Il cardinale Zuppi annuncia un rapporto sugli abusi sessuali dei preti in Italia"},"content":{"rendered":"\n<p>Il rapporto avr\u00e0 due tempi: subito &#8211; entro il prossimo novembre &#8211; ne arriver\u00e0 uno <em>sui casi di abuso segnalati in sede ecclesiale negli ultimi due anni<\/em>, mentre un altro, che richieder\u00e0 pi\u00f9 tempo,  riguarder\u00e0 tutti i casi venuti al pettine delle autorit\u00e0 ecclesiastiche dal 2000 a oggi. Nei commenti un paragrafo del comunicato finale dell&#8217;Assemblea dei vescovi sulla materia e le risposte di Zuppi alle domande dei giornalisti come sono state riportate da Vatican News.<\/p>\n","protected":false},"excerpt":{"rendered":"<p>Il rapporto avr\u00e0 due tempi: subito &#8211; entro il prossimo novembre &#8211; ne arriver\u00e0 uno sui casi di abuso segnalati in sede ecclesiale negli ultimi due anni, mentre un altro,&#8230;<\/p>\n<div class=\"more-link-wrapper\"><a class=\"more-link\" href=\"http:\/\/www.luigiaccattoli.it\/blog\/il-cardinale-zuppi-annuncia-un-rapporto-sugli-abusi-sessuali-dei-preti-in-italia\/\">Read More<span class=\"screen-reader-text\">Il cardinale Zuppi annuncia un rapporto sugli abusi sessuali dei preti in Italia<\/span><\/a><\/div>\n","protected":false},"author":1,"featured_media":0,"comment_status":"open","ping_status":"closed","sticky":false,"template":"","format":"standard","meta":{"_monsterinsights_skip_tracking":false,"_monsterinsights_sitenote_active":false,"_monsterinsights_sitenote_note":"","_monsterinsights_sitenote_category":0,"footnotes":""},"categories":[1],"tags":[],"class_list":["post-27990","post","type-post","status-publish","format-standard","hentry","category-varie","excerpt"],"_links":{"self":[{"href":"http:\/\/www.luigiaccattoli.it\/blog\/wp-json\/wp\/v2\/posts\/27990","targetHints":{"allow":["GET"]}}],"collection":[{"href":"http:\/\/www.luigiaccattoli.it\/blog\/wp-json\/wp\/v2\/posts"}],"about":[{"href":"http:\/\/www.luigiaccattoli.it\/blog\/wp-json\/wp\/v2\/types\/post"}],"author":[{"embeddable":true,"href":"http:\/\/www.luigiaccattoli.it\/blog\/wp-json\/wp\/v2\/users\/1"}],"replies":[{"embeddable":true,"href":"http:\/\/www.luigiaccattoli.it\/blog\/wp-json\/wp\/v2\/comments?post=27990"}],"version-history":[{"count":1,"href":"http:\/\/www.luigiaccattoli.it\/blog\/wp-json\/wp\/v2\/posts\/27990\/revisions"}],"predecessor-version":[{"id":27991,"href":"http:\/\/www.luigiaccattoli.it\/blog\/wp-json\/wp\/v2\/posts\/27990\/revisions\/27991"}],"wp:attachment":[{"href":"http:\/\/www.luigiaccattoli.it\/blog\/wp-json\/wp\/v2\/media?parent=27990"}],"wp:term":[{"taxonomy":"category","embeddable":true,"href":"http:\/\/www.luigiaccattoli.it\/blog\/wp-json\/wp\/v2\/categories?post=27990"},{"taxonomy":"post_tag","embeddable":true,"href":"http:\/\/www.luigiaccattoli.it\/blog\/wp-json\/wp\/v2\/tags?post=27990"}],"curies":[{"name":"wp","href":"https:\/\/api.w.org\/{rel}","templated":true}]}}