{"id":28124,"date":"2022-07-20T12:53:21","date_gmt":"2022-07-20T10:53:21","guid":{"rendered":"http:\/\/www.luigiaccattoli.it\/blog\/?p=28124"},"modified":"2022-07-20T16:57:26","modified_gmt":"2022-07-20T14:57:26","slug":"dico-la-mia-sulla-crisi-di-governo-draghi-vada-avanti-senza-i-cinque-stelle","status":"publish","type":"post","link":"http:\/\/www.luigiaccattoli.it\/blog\/dico-la-mia-sulla-crisi-di-governo-draghi-vada-avanti-senza-i-cinque-stelle\/","title":{"rendered":"Dico la mia sulla crisi di Governo: Draghi vada avanti senza i Cinque Stelle"},"content":{"rendered":"\n<p>Ho ascoltato il discorso del premier al Senato e dico la mia sulla crisi di Governo: i Cinque Stelle si sono divisi perdendo con la scissione Di Maio l&#8217;ala governista e forse si divideranno ancora su quella stessa frontiera; chi di loro non ha seguito Di Maio \u00e8 ragionevole che voglia tornare, a fini elettorali, alle pulsioni antisistema delle origini; finiscano dunque di contarsi e Draghi, se davvero alla fine della conta avr\u00e0 ancora una maggioranza, vada avanti senza di loro. E senza cedimenti ad altri malumori elettorali. Io leggo cos\u00ec la severit\u00e0 del suo discorso. Che condivido.<\/p>\n","protected":false},"excerpt":{"rendered":"<p>Ho ascoltato il discorso del premier al Senato e dico la mia sulla crisi di Governo: i Cinque Stelle si sono divisi perdendo con la scissione Di Maio l&#8217;ala governista&#8230;<\/p>\n<div class=\"more-link-wrapper\"><a class=\"more-link\" href=\"http:\/\/www.luigiaccattoli.it\/blog\/dico-la-mia-sulla-crisi-di-governo-draghi-vada-avanti-senza-i-cinque-stelle\/\">Read More<span class=\"screen-reader-text\">Dico la mia sulla crisi di Governo: Draghi vada avanti senza i Cinque Stelle<\/span><\/a><\/div>\n","protected":false},"author":1,"featured_media":0,"comment_status":"open","ping_status":"closed","sticky":false,"template":"","format":"standard","meta":{"_monsterinsights_skip_tracking":false,"_monsterinsights_sitenote_active":false,"_monsterinsights_sitenote_note":"","_monsterinsights_sitenote_category":0,"footnotes":""},"categories":[1],"tags":[],"class_list":["post-28124","post","type-post","status-publish","format-standard","hentry","category-varie","excerpt"],"_links":{"self":[{"href":"http:\/\/www.luigiaccattoli.it\/blog\/wp-json\/wp\/v2\/posts\/28124","targetHints":{"allow":["GET"]}}],"collection":[{"href":"http:\/\/www.luigiaccattoli.it\/blog\/wp-json\/wp\/v2\/posts"}],"about":[{"href":"http:\/\/www.luigiaccattoli.it\/blog\/wp-json\/wp\/v2\/types\/post"}],"author":[{"embeddable":true,"href":"http:\/\/www.luigiaccattoli.it\/blog\/wp-json\/wp\/v2\/users\/1"}],"replies":[{"embeddable":true,"href":"http:\/\/www.luigiaccattoli.it\/blog\/wp-json\/wp\/v2\/comments?post=28124"}],"version-history":[{"count":3,"href":"http:\/\/www.luigiaccattoli.it\/blog\/wp-json\/wp\/v2\/posts\/28124\/revisions"}],"predecessor-version":[{"id":28129,"href":"http:\/\/www.luigiaccattoli.it\/blog\/wp-json\/wp\/v2\/posts\/28124\/revisions\/28129"}],"wp:attachment":[{"href":"http:\/\/www.luigiaccattoli.it\/blog\/wp-json\/wp\/v2\/media?parent=28124"}],"wp:term":[{"taxonomy":"category","embeddable":true,"href":"http:\/\/www.luigiaccattoli.it\/blog\/wp-json\/wp\/v2\/categories?post=28124"},{"taxonomy":"post_tag","embeddable":true,"href":"http:\/\/www.luigiaccattoli.it\/blog\/wp-json\/wp\/v2\/tags?post=28124"}],"curies":[{"name":"wp","href":"https:\/\/api.w.org\/{rel}","templated":true}]}}