{"id":28138,"date":"2022-07-24T19:27:07","date_gmt":"2022-07-24T17:27:07","guid":{"rendered":"http:\/\/www.luigiaccattoli.it\/blog\/?p=28138"},"modified":"2022-07-25T18:00:19","modified_gmt":"2022-07-25T16:00:19","slug":"francesco-parte-in-carrozzina-per-un-viaggio-penitenziale-in-canada","status":"publish","type":"post","link":"http:\/\/www.luigiaccattoli.it\/blog\/francesco-parte-in-carrozzina-per-un-viaggio-penitenziale-in-canada\/","title":{"rendered":"Francesco parte in carrozzina per un viaggio penitenziale in Canada"},"content":{"rendered":"\n<p><\/p>\n\n\n\n<figure class=\"wp-block-image size-full is-resized\"><a href=\"http:\/\/www.luigiaccattoli.it\/blog\/wp-content\/uploads\/2022\/07\/image-56.png\"><img loading=\"lazy\" decoding=\"async\" src=\"http:\/\/www.luigiaccattoli.it\/blog\/wp-content\/uploads\/2022\/07\/image-56.png\" alt=\"\" class=\"wp-image-28139\" width=\"425\" height=\"236\" srcset=\"http:\/\/www.luigiaccattoli.it\/blog\/wp-content\/uploads\/2022\/07\/image-56.png 320w, http:\/\/www.luigiaccattoli.it\/blog\/wp-content\/uploads\/2022\/07\/image-56-300x167.png 300w\" sizes=\"auto, (max-width: 425px) 100vw, 425px\" \/><\/a><figcaption>Stamane poco dopo le nove uno speciale montacarichi ha aiutato il Papa in carrozzina a salire sull&#8217;aereo della \u00a0ITA Airways che lo ha portato in Canada, dove star\u00e0 sei giorni e vedr\u00e0 le citt\u00e0 di \u00a0Edmonton, Qu\u00e9bec e Iqaluit, tappe di un pellegrinaggio penitenziale &#8211; come l&#8217;ha definito &#8211; con il quale intende chiedere perdono, a nome della Chiesa Cattolica, per i maltrattamenti dei nativi a opera di persone e strutture religiose. Nei primi commenti il tweet odierno del Papa e le sue parole di domenica scorsa sul viaggio di penitenza.<\/figcaption><\/figure>\n\n\n\n<p><\/p>\n","protected":false},"excerpt":{"rendered":"","protected":false},"author":1,"featured_media":0,"comment_status":"open","ping_status":"closed","sticky":false,"template":"","format":"standard","meta":{"_monsterinsights_skip_tracking":false,"_monsterinsights_sitenote_active":false,"_monsterinsights_sitenote_note":"","_monsterinsights_sitenote_category":0,"footnotes":""},"categories":[1],"tags":[],"class_list":["post-28138","post","type-post","status-publish","format-standard","hentry","category-varie","excerpt"],"_links":{"self":[{"href":"http:\/\/www.luigiaccattoli.it\/blog\/wp-json\/wp\/v2\/posts\/28138","targetHints":{"allow":["GET"]}}],"collection":[{"href":"http:\/\/www.luigiaccattoli.it\/blog\/wp-json\/wp\/v2\/posts"}],"about":[{"href":"http:\/\/www.luigiaccattoli.it\/blog\/wp-json\/wp\/v2\/types\/post"}],"author":[{"embeddable":true,"href":"http:\/\/www.luigiaccattoli.it\/blog\/wp-json\/wp\/v2\/users\/1"}],"replies":[{"embeddable":true,"href":"http:\/\/www.luigiaccattoli.it\/blog\/wp-json\/wp\/v2\/comments?post=28138"}],"version-history":[{"count":4,"href":"http:\/\/www.luigiaccattoli.it\/blog\/wp-json\/wp\/v2\/posts\/28138\/revisions"}],"predecessor-version":[{"id":28144,"href":"http:\/\/www.luigiaccattoli.it\/blog\/wp-json\/wp\/v2\/posts\/28138\/revisions\/28144"}],"wp:attachment":[{"href":"http:\/\/www.luigiaccattoli.it\/blog\/wp-json\/wp\/v2\/media?parent=28138"}],"wp:term":[{"taxonomy":"category","embeddable":true,"href":"http:\/\/www.luigiaccattoli.it\/blog\/wp-json\/wp\/v2\/categories?post=28138"},{"taxonomy":"post_tag","embeddable":true,"href":"http:\/\/www.luigiaccattoli.it\/blog\/wp-json\/wp\/v2\/tags?post=28138"}],"curies":[{"name":"wp","href":"https:\/\/api.w.org\/{rel}","templated":true}]}}