{"id":28145,"date":"2022-07-25T18:41:04","date_gmt":"2022-07-25T16:41:04","guid":{"rendered":"http:\/\/www.luigiaccattoli.it\/blog\/?p=28145"},"modified":"2022-07-25T18:50:09","modified_gmt":"2022-07-25T16:50:09","slug":"bergoglio-agli-indigeni-del-canada-vi-ringrazio-per-aver-condiviso-con-me-la-vostra-memoria-sanguinante","status":"publish","type":"post","link":"http:\/\/www.luigiaccattoli.it\/blog\/bergoglio-agli-indigeni-del-canada-vi-ringrazio-per-aver-condiviso-con-me-la-vostra-memoria-sanguinante\/","title":{"rendered":"Bergoglio ai nativi del Canada: &#8220;vi ringrazio per aver condiviso con me la vostra memoria sanguinante&#8221;"},"content":{"rendered":"\n<p><em>Quello che la fede cristiana ci dice \u00e8 che si \u00e8 trattato di un errore devastante, incompatibile con il Vangelo di Ges\u00f9 Cristo. Addolora sapere che quel terreno compatto di valori, lingua e cultura, che ha conferito alle vostre popolazioni un genuino senso di identit\u00e0, \u00e8 stato eroso, e che voi continuiate a pagarne gli effetti. Di fronte a questo male che indigna, la Chiesa si inginocchia dinanzi a Dio e implora il perdono per i peccati dei suoi figli (S. Giovanni Paolo II, Bolla Incarnationis mysterium, 1998). Vorrei ribadirlo con vergogna e chiarezza: chiedo umilmente perdono per il male commesso da tanti cristiani contro le popolazioni indigene<\/em>. E&#8217; il cuore del discorso tenuto oggi da Francesco nell&#8217;incontro con i popoli indigeni del Canada, a Edmonton. Un discorso di straordinaria importanza che riporto nei commenti  in tutti i passaggi essenziali. <\/p>\n","protected":false},"excerpt":{"rendered":"<p>Quello che la fede cristiana ci dice \u00e8 che si \u00e8 trattato di un errore devastante, incompatibile con il Vangelo di Ges\u00f9 Cristo. Addolora sapere che quel terreno compatto di&#8230;<\/p>\n<div class=\"more-link-wrapper\"><a class=\"more-link\" href=\"http:\/\/www.luigiaccattoli.it\/blog\/bergoglio-agli-indigeni-del-canada-vi-ringrazio-per-aver-condiviso-con-me-la-vostra-memoria-sanguinante\/\">Read More<span class=\"screen-reader-text\">Bergoglio ai nativi del Canada: &#8220;vi ringrazio per aver condiviso con me la vostra memoria sanguinante&#8221;<\/span><\/a><\/div>\n","protected":false},"author":1,"featured_media":0,"comment_status":"open","ping_status":"closed","sticky":false,"template":"","format":"standard","meta":{"_monsterinsights_skip_tracking":false,"_monsterinsights_sitenote_active":false,"_monsterinsights_sitenote_note":"","_monsterinsights_sitenote_category":0,"footnotes":""},"categories":[1],"tags":[],"class_list":["post-28145","post","type-post","status-publish","format-standard","hentry","category-varie","excerpt"],"_links":{"self":[{"href":"http:\/\/www.luigiaccattoli.it\/blog\/wp-json\/wp\/v2\/posts\/28145","targetHints":{"allow":["GET"]}}],"collection":[{"href":"http:\/\/www.luigiaccattoli.it\/blog\/wp-json\/wp\/v2\/posts"}],"about":[{"href":"http:\/\/www.luigiaccattoli.it\/blog\/wp-json\/wp\/v2\/types\/post"}],"author":[{"embeddable":true,"href":"http:\/\/www.luigiaccattoli.it\/blog\/wp-json\/wp\/v2\/users\/1"}],"replies":[{"embeddable":true,"href":"http:\/\/www.luigiaccattoli.it\/blog\/wp-json\/wp\/v2\/comments?post=28145"}],"version-history":[{"count":3,"href":"http:\/\/www.luigiaccattoli.it\/blog\/wp-json\/wp\/v2\/posts\/28145\/revisions"}],"predecessor-version":[{"id":28149,"href":"http:\/\/www.luigiaccattoli.it\/blog\/wp-json\/wp\/v2\/posts\/28145\/revisions\/28149"}],"wp:attachment":[{"href":"http:\/\/www.luigiaccattoli.it\/blog\/wp-json\/wp\/v2\/media?parent=28145"}],"wp:term":[{"taxonomy":"category","embeddable":true,"href":"http:\/\/www.luigiaccattoli.it\/blog\/wp-json\/wp\/v2\/categories?post=28145"},{"taxonomy":"post_tag","embeddable":true,"href":"http:\/\/www.luigiaccattoli.it\/blog\/wp-json\/wp\/v2\/tags?post=28145"}],"curies":[{"name":"wp","href":"https:\/\/api.w.org\/{rel}","templated":true}]}}