{"id":28158,"date":"2022-07-30T19:30:02","date_gmt":"2022-07-30T17:30:02","guid":{"rendered":"http:\/\/www.luigiaccattoli.it\/blog\/?p=28158"},"modified":"2022-07-30T23:06:56","modified_gmt":"2022-07-30T21:06:56","slug":"francesco-si-puo-cambiare-papa-non-e-una-catastrofe-ma-per-il-momento-non-ho-bussato-a-questa-porta","status":"publish","type":"post","link":"http:\/\/www.luigiaccattoli.it\/blog\/francesco-si-puo-cambiare-papa-non-e-una-catastrofe-ma-per-il-momento-non-ho-bussato-a-questa-porta\/","title":{"rendered":"Francesco: si pu\u00f2 cambiare Papa, non \u00e8 una catastrofe; ma per il momento non ho bussato a questa porta"},"content":{"rendered":"\n<figure class=\"wp-block-image size-full\"><a href=\"http:\/\/www.luigiaccattoli.it\/blog\/wp-content\/uploads\/2022\/07\/image-57.png\"><img loading=\"lazy\" decoding=\"async\" width=\"320\" height=\"180\" src=\"http:\/\/www.luigiaccattoli.it\/blog\/wp-content\/uploads\/2022\/07\/image-57.png\" alt=\"\" class=\"wp-image-28159\" srcset=\"http:\/\/www.luigiaccattoli.it\/blog\/wp-content\/uploads\/2022\/07\/image-57.png 320w, http:\/\/www.luigiaccattoli.it\/blog\/wp-content\/uploads\/2022\/07\/image-57-300x169.png 300w\" sizes=\"auto, (max-width: 320px) 100vw, 320px\" \/><\/a><figcaption>Durante il volo di rientro dal Canada Francesco ha parlato con parole tranquille della sua condizione di salute, del fatto che dovr\u00e0 risparmiarsi, che \u201cnon si possono fare viaggi in questo stato\u201d, della necessit\u00e0 di \u201crisistemare\u201d l\u2019agenda. La questione della rinuncia al Pontificato l\u2019ha inquadrata cos\u00ec: o riesce a diminuire gli impegni e gli spostamenti, o dovr\u00e0 pensare a \u201cfarsi da parte\u201d, che &#8211; ha precisato &#8211; \u00e8 una possibilit\u00e0 sempre aperta che finora non ha preso in esame. Pi\u00f9 che in ogni altra occasione Francesco stavolta \u00e8 apparso pronto a interrogarsi su quella possibilit\u00e0: non oggi o domani, ma \u201cdopodomani\u201d potrebbe cominciare a pensarvi. Nei primi commenti le parole piane che il Papa ha dedicato alla spinosa questione rispondendo a tre domande.<\/figcaption><\/figure>\n","protected":false},"excerpt":{"rendered":"","protected":false},"author":1,"featured_media":0,"comment_status":"open","ping_status":"closed","sticky":false,"template":"","format":"standard","meta":{"_monsterinsights_skip_tracking":false,"_monsterinsights_sitenote_active":false,"_monsterinsights_sitenote_note":"","_monsterinsights_sitenote_category":0,"footnotes":""},"categories":[1],"tags":[],"class_list":["post-28158","post","type-post","status-publish","format-standard","hentry","category-varie","excerpt"],"_links":{"self":[{"href":"http:\/\/www.luigiaccattoli.it\/blog\/wp-json\/wp\/v2\/posts\/28158","targetHints":{"allow":["GET"]}}],"collection":[{"href":"http:\/\/www.luigiaccattoli.it\/blog\/wp-json\/wp\/v2\/posts"}],"about":[{"href":"http:\/\/www.luigiaccattoli.it\/blog\/wp-json\/wp\/v2\/types\/post"}],"author":[{"embeddable":true,"href":"http:\/\/www.luigiaccattoli.it\/blog\/wp-json\/wp\/v2\/users\/1"}],"replies":[{"embeddable":true,"href":"http:\/\/www.luigiaccattoli.it\/blog\/wp-json\/wp\/v2\/comments?post=28158"}],"version-history":[{"count":2,"href":"http:\/\/www.luigiaccattoli.it\/blog\/wp-json\/wp\/v2\/posts\/28158\/revisions"}],"predecessor-version":[{"id":28162,"href":"http:\/\/www.luigiaccattoli.it\/blog\/wp-json\/wp\/v2\/posts\/28158\/revisions\/28162"}],"wp:attachment":[{"href":"http:\/\/www.luigiaccattoli.it\/blog\/wp-json\/wp\/v2\/media?parent=28158"}],"wp:term":[{"taxonomy":"category","embeddable":true,"href":"http:\/\/www.luigiaccattoli.it\/blog\/wp-json\/wp\/v2\/categories?post=28158"},{"taxonomy":"post_tag","embeddable":true,"href":"http:\/\/www.luigiaccattoli.it\/blog\/wp-json\/wp\/v2\/tags?post=28158"}],"curies":[{"name":"wp","href":"https:\/\/api.w.org\/{rel}","templated":true}]}}