{"id":28419,"date":"2022-11-05T18:19:31","date_gmt":"2022-11-05T17:19:31","guid":{"rendered":"http:\/\/www.luigiaccattoli.it\/blog\/?p=28419"},"modified":"2022-11-05T18:57:43","modified_gmt":"2022-11-05T17:57:43","slug":"con-gesu-che-si-mostra-nella-sua-gloria-abbagliante-le-vesti-splendenti-e-la-voce-dalla-nube","status":"publish","type":"post","link":"http:\/\/www.luigiaccattoli.it\/blog\/con-gesu-che-si-mostra-nella-sua-gloria-abbagliante-le-vesti-splendenti-e-la-voce-dalla-nube\/","title":{"rendered":"Con Ges\u00f9 che si mostra nella sua gloria abbagliante &#8211; le vesti splendenti e la voce dalla nube"},"content":{"rendered":"\n<figure class=\"wp-block-image size-large is-resized\"><a href=\"http:\/\/www.luigiaccattoli.it\/blog\/wp-content\/uploads\/2022\/11\/image-75.png\"><img loading=\"lazy\" decoding=\"async\" src=\"http:\/\/www.luigiaccattoli.it\/blog\/wp-content\/uploads\/2022\/11\/image-75-1024x576.png\" alt=\"\" class=\"wp-image-28420\" width=\"556\" height=\"313\" srcset=\"http:\/\/www.luigiaccattoli.it\/blog\/wp-content\/uploads\/2022\/11\/image-75-1024x576.png 1024w, http:\/\/www.luigiaccattoli.it\/blog\/wp-content\/uploads\/2022\/11\/image-75-300x169.png 300w, http:\/\/www.luigiaccattoli.it\/blog\/wp-content\/uploads\/2022\/11\/image-75-768x432.png 768w, http:\/\/www.luigiaccattoli.it\/blog\/wp-content\/uploads\/2022\/11\/image-75.png 1500w\" sizes=\"auto, (max-width: 556px) 100vw, 556px\" \/><\/a><figcaption>Mosaico della Trasfigurazione, catino absidale del VI secolo &#8211; Monastero di Santa Caterina sul Sinai<\/figcaption><\/figure>\n\n\n\n<p>Amici belli, sono felice di segnalare che luned\u00ec 7 a Pizza e Vangelo leggeremo il racconto della trasfigurazione che \u00e8 nel Vangelo di Marco, al capitolo 9. E&#8217; uno dei brani pi\u00f9 affascinanti e incoraggiati dell&#8217;intero Nuovo Testamento, che riascolteremo con sentimento di gratitudine verso la prima comunit\u00e0 cristiana che ci ha trasmesso la memoria di quell&#8217;esperienza straordinaria della divinit\u00e0\u00a0di Cristo. Nei commenti trovate la scheda di presentazione della lectio e l&#8217;invito a collegarvi<\/p>\n","protected":false},"excerpt":{"rendered":"<p>Amici belli, sono felice di segnalare che luned\u00ec 7 a Pizza e Vangelo leggeremo il racconto della trasfigurazione che \u00e8 nel Vangelo di Marco, al capitolo 9. E&#8217; uno dei&#8230;<\/p>\n<div class=\"more-link-wrapper\"><a class=\"more-link\" href=\"http:\/\/www.luigiaccattoli.it\/blog\/con-gesu-che-si-mostra-nella-sua-gloria-abbagliante-le-vesti-splendenti-e-la-voce-dalla-nube\/\">Read More<span class=\"screen-reader-text\">Con Ges\u00f9 che si mostra nella sua gloria abbagliante &#8211; le vesti splendenti e la voce dalla nube<\/span><\/a><\/div>\n","protected":false},"author":1,"featured_media":0,"comment_status":"open","ping_status":"closed","sticky":false,"template":"","format":"standard","meta":{"_monsterinsights_skip_tracking":false,"_monsterinsights_sitenote_active":false,"_monsterinsights_sitenote_note":"","_monsterinsights_sitenote_category":0,"footnotes":""},"categories":[1],"tags":[],"class_list":["post-28419","post","type-post","status-publish","format-standard","hentry","category-varie","excerpt"],"_links":{"self":[{"href":"http:\/\/www.luigiaccattoli.it\/blog\/wp-json\/wp\/v2\/posts\/28419","targetHints":{"allow":["GET"]}}],"collection":[{"href":"http:\/\/www.luigiaccattoli.it\/blog\/wp-json\/wp\/v2\/posts"}],"about":[{"href":"http:\/\/www.luigiaccattoli.it\/blog\/wp-json\/wp\/v2\/types\/post"}],"author":[{"embeddable":true,"href":"http:\/\/www.luigiaccattoli.it\/blog\/wp-json\/wp\/v2\/users\/1"}],"replies":[{"embeddable":true,"href":"http:\/\/www.luigiaccattoli.it\/blog\/wp-json\/wp\/v2\/comments?post=28419"}],"version-history":[{"count":2,"href":"http:\/\/www.luigiaccattoli.it\/blog\/wp-json\/wp\/v2\/posts\/28419\/revisions"}],"predecessor-version":[{"id":28423,"href":"http:\/\/www.luigiaccattoli.it\/blog\/wp-json\/wp\/v2\/posts\/28419\/revisions\/28423"}],"wp:attachment":[{"href":"http:\/\/www.luigiaccattoli.it\/blog\/wp-json\/wp\/v2\/media?parent=28419"}],"wp:term":[{"taxonomy":"category","embeddable":true,"href":"http:\/\/www.luigiaccattoli.it\/blog\/wp-json\/wp\/v2\/categories?post=28419"},{"taxonomy":"post_tag","embeddable":true,"href":"http:\/\/www.luigiaccattoli.it\/blog\/wp-json\/wp\/v2\/tags?post=28419"}],"curies":[{"name":"wp","href":"https:\/\/api.w.org\/{rel}","templated":true}]}}