{"id":29197,"date":"2023-07-24T13:28:49","date_gmt":"2023-07-24T11:28:49","guid":{"rendered":"http:\/\/www.luigiaccattoli.it\/blog\/?p=29197"},"modified":"2023-07-24T13:28:49","modified_gmt":"2023-07-24T11:28:49","slug":"perifrasi-familiari-dalla-santanche-alla-madre-dei-figli-di-zebedeo","status":"publish","type":"post","link":"http:\/\/www.luigiaccattoli.it\/blog\/perifrasi-familiari-dalla-santanche-alla-madre-dei-figli-di-zebedeo\/","title":{"rendered":"Perifrasi familiari: dalla Santanch\u00e8 alla madre dei figli di Zebedeo"},"content":{"rendered":"\n<p>Il ministro Daniela Santanch\u00e8 in Senato il 5 luglio us\u00f2 per due volte la laboriosa perifrasi familiare &#8220;il padre di mio figlio&#8221;. Detta perifrasi mi ricord\u00f2 quella che il Vangelo di Matteo propone anch&#8217;esso due volte: &#8220;la madre dei figli di Zebedeo&#8221;. Vedila, mio lettore, ai capitoli 20 e 27 e scusa questo mio balzano raccordo. Sar\u00e0 stato il caldo a provocarlo.  <\/p>\n","protected":false},"excerpt":{"rendered":"<p>Il ministro Daniela Santanch\u00e8 in Senato il 5 luglio us\u00f2 per due volte la laboriosa perifrasi familiare &#8220;il padre di mio figlio&#8221;. Detta perifrasi mi ricord\u00f2 quella che il Vangelo&#8230;<\/p>\n<div class=\"more-link-wrapper\"><a class=\"more-link\" href=\"http:\/\/www.luigiaccattoli.it\/blog\/perifrasi-familiari-dalla-santanche-alla-madre-dei-figli-di-zebedeo\/\">Read More<span class=\"screen-reader-text\">Perifrasi familiari: dalla Santanch\u00e8 alla madre dei figli di Zebedeo<\/span><\/a><\/div>\n","protected":false},"author":1,"featured_media":0,"comment_status":"open","ping_status":"closed","sticky":false,"template":"","format":"standard","meta":{"_monsterinsights_skip_tracking":false,"_monsterinsights_sitenote_active":false,"_monsterinsights_sitenote_note":"","_monsterinsights_sitenote_category":0,"footnotes":""},"categories":[1],"tags":[],"class_list":["post-29197","post","type-post","status-publish","format-standard","hentry","category-varie","excerpt"],"_links":{"self":[{"href":"http:\/\/www.luigiaccattoli.it\/blog\/wp-json\/wp\/v2\/posts\/29197","targetHints":{"allow":["GET"]}}],"collection":[{"href":"http:\/\/www.luigiaccattoli.it\/blog\/wp-json\/wp\/v2\/posts"}],"about":[{"href":"http:\/\/www.luigiaccattoli.it\/blog\/wp-json\/wp\/v2\/types\/post"}],"author":[{"embeddable":true,"href":"http:\/\/www.luigiaccattoli.it\/blog\/wp-json\/wp\/v2\/users\/1"}],"replies":[{"embeddable":true,"href":"http:\/\/www.luigiaccattoli.it\/blog\/wp-json\/wp\/v2\/comments?post=29197"}],"version-history":[{"count":1,"href":"http:\/\/www.luigiaccattoli.it\/blog\/wp-json\/wp\/v2\/posts\/29197\/revisions"}],"predecessor-version":[{"id":29198,"href":"http:\/\/www.luigiaccattoli.it\/blog\/wp-json\/wp\/v2\/posts\/29197\/revisions\/29198"}],"wp:attachment":[{"href":"http:\/\/www.luigiaccattoli.it\/blog\/wp-json\/wp\/v2\/media?parent=29197"}],"wp:term":[{"taxonomy":"category","embeddable":true,"href":"http:\/\/www.luigiaccattoli.it\/blog\/wp-json\/wp\/v2\/categories?post=29197"},{"taxonomy":"post_tag","embeddable":true,"href":"http:\/\/www.luigiaccattoli.it\/blog\/wp-json\/wp\/v2\/tags?post=29197"}],"curies":[{"name":"wp","href":"https:\/\/api.w.org\/{rel}","templated":true}]}}