{"id":4055,"date":"2010-04-16T10:49:23","date_gmt":"2010-04-16T08:49:23","guid":{"rendered":"http:\/\/www.luigiaccattoli.it\/blog\/?p=4055"},"modified":"2010-04-16T10:55:36","modified_gmt":"2010-04-16T08:55:36","slug":"silvano-da-adro-e-il-piatto-dei-bambini","status":"publish","type":"post","link":"http:\/\/www.luigiaccattoli.it\/blog\/silvano-da-adro-e-il-piatto-dei-bambini\/","title":{"rendered":"Silvano da Adro e il piatto dei bambini"},"content":{"rendered":"<p>Si chiama Silvano Lancini l&#8217;imprenditore di Adro che ha pagato per i morosi della mensa scolastica e ha polemizzato con il sindaco leghista: vedi post dell&#8217;altro ieri. Intervistato dal <a href=\"http:\/\/www.corriere.it\/cronache\/10_aprile_16\/Pago-per-far-mangiare-i-bimbi-il-razzismo-non-c-entra-niente-schiavi_07901e1e-4920-11df-af35-00144f02aabe.shtml\">Corriere della Sera di oggi<\/a> fornisce ragionevoli motivazioni per il gesto che ha compiuto. Sulle difficolt\u00e0 dei Comuni a far pagare chi si finge povero dice: \u00abLo capisco, ma a certi estremi non si dovrebbe mai arrivare. Si potevano tagliare altre spese, differenziare le rette in base ai redditi. Io ho messo l\u00ec una pezza, lo sentivo come dovere civico. Adesso andate avanti voi, dico: a cercare di far pagare i furbi, senza togliere il piatto dei bambini&#8221;. Ha preso la decisione una sera dopo aver parlato con amici: &#8220;<em>Lascia stare, mi \u00e8 stato risposto. Se fai qualcosa ti diranno che sei un comunista, uno che sta dalla parte dei furbi [&#8230;] Quella sera ho parlato con mia moglie. Ma che cosa siamo diventati? le ho detto. Se sei d\u2019accordo, io vado e porto i 50 mila euro che mancano per continuare a dar da mangiare a tutti i bambini [&#8230;]. Si, aveva detto questo il sindaco in tv. Pensavo l\u2019avesse sparata grossa e ne bastassero 30 mila. Invece erano solo 10 mila [&#8230;]. E\u2019 giusto che chi paga regolarmente non paghi anche per altri. Ma il Comune non deve dimenticare il principio della solidariet\u00e0. Non mi sento un benefattore: lo \u00e8 chi si \u00e8 privato del poco che ha per dare un contributo alla gestione della mensa. Non mi sento nemmeno un esempio di solidariet\u00e0: fanno molto meglio di me quelli che danno gratuitamente una cosa pi\u00f9 importante dei soldi, che \u00e8 il tempo per gli altri<\/em>&#8220;.<\/p>\n","protected":false},"excerpt":{"rendered":"<p>Si chiama Silvano Lancini l&#8217;imprenditore di Adro che ha pagato per i morosi della mensa scolastica e ha polemizzato con il sindaco leghista: vedi post dell&#8217;altro ieri. Intervistato dal Corriere&#8230;<\/p>\n<div class=\"more-link-wrapper\"><a class=\"more-link\" href=\"http:\/\/www.luigiaccattoli.it\/blog\/silvano-da-adro-e-il-piatto-dei-bambini\/\">Read More<span class=\"screen-reader-text\">Silvano da Adro e il piatto dei bambini<\/span><\/a><\/div>\n","protected":false},"author":1,"featured_media":0,"comment_status":"open","ping_status":"closed","sticky":false,"template":"","format":"standard","meta":{"_monsterinsights_skip_tracking":false,"_monsterinsights_sitenote_active":false,"_monsterinsights_sitenote_note":"","_monsterinsights_sitenote_category":0,"footnotes":""},"categories":[1],"tags":[],"class_list":["post-4055","post","type-post","status-publish","format-standard","hentry","category-varie","excerpt"],"_links":{"self":[{"href":"http:\/\/www.luigiaccattoli.it\/blog\/wp-json\/wp\/v2\/posts\/4055","targetHints":{"allow":["GET"]}}],"collection":[{"href":"http:\/\/www.luigiaccattoli.it\/blog\/wp-json\/wp\/v2\/posts"}],"about":[{"href":"http:\/\/www.luigiaccattoli.it\/blog\/wp-json\/wp\/v2\/types\/post"}],"author":[{"embeddable":true,"href":"http:\/\/www.luigiaccattoli.it\/blog\/wp-json\/wp\/v2\/users\/1"}],"replies":[{"embeddable":true,"href":"http:\/\/www.luigiaccattoli.it\/blog\/wp-json\/wp\/v2\/comments?post=4055"}],"version-history":[{"count":5,"href":"http:\/\/www.luigiaccattoli.it\/blog\/wp-json\/wp\/v2\/posts\/4055\/revisions"}],"predecessor-version":[{"id":4060,"href":"http:\/\/www.luigiaccattoli.it\/blog\/wp-json\/wp\/v2\/posts\/4055\/revisions\/4060"}],"wp:attachment":[{"href":"http:\/\/www.luigiaccattoli.it\/blog\/wp-json\/wp\/v2\/media?parent=4055"}],"wp:term":[{"taxonomy":"category","embeddable":true,"href":"http:\/\/www.luigiaccattoli.it\/blog\/wp-json\/wp\/v2\/categories?post=4055"},{"taxonomy":"post_tag","embeddable":true,"href":"http:\/\/www.luigiaccattoli.it\/blog\/wp-json\/wp\/v2\/tags?post=4055"}],"curies":[{"name":"wp","href":"https:\/\/api.w.org\/{rel}","templated":true}]}}