{"id":4067,"date":"2010-04-18T16:24:26","date_gmt":"2010-04-18T14:24:26","guid":{"rendered":"http:\/\/www.luigiaccattoli.it\/blog\/?p=4067"},"modified":"2010-04-18T16:37:02","modified_gmt":"2010-04-18T14:37:02","slug":"i-tre-di-emergency-sono-liberi","status":"publish","type":"post","link":"http:\/\/www.luigiaccattoli.it\/blog\/i-tre-di-emergency-sono-liberi\/","title":{"rendered":"Marco e i due Matteo di Emergency sono liberi"},"content":{"rendered":"<p>La voce della liberazione di Marco e dei due Matteo di Emergency \u00e8 stata confermata dal ministro degli Esteri Franco Frattini: &#8220;<em>Abbiamo ottenuto quello che era il nostro obiettivo prioritario, e cio\u00e8 la libert\u00e0 per i nostri connazionali senza mettere in discussione la nostra posizione di ferma solidariet\u00e0 con le istituzioni afgane e la coalizione internazionale nella lotta contro il terrorismo in Afghanistan<\/em>&#8220;. Bravo Frattini, brava Emergency.<\/p>\n","protected":false},"excerpt":{"rendered":"<p>La voce della liberazione di Marco e dei due Matteo di Emergency \u00e8 stata confermata dal ministro degli Esteri Franco Frattini: &#8220;Abbiamo ottenuto quello che era il nostro obiettivo prioritario,&#8230;<\/p>\n<div class=\"more-link-wrapper\"><a class=\"more-link\" href=\"http:\/\/www.luigiaccattoli.it\/blog\/i-tre-di-emergency-sono-liberi\/\">Read More<span class=\"screen-reader-text\">Marco e i due Matteo di Emergency sono liberi<\/span><\/a><\/div>\n","protected":false},"author":1,"featured_media":0,"comment_status":"open","ping_status":"closed","sticky":false,"template":"","format":"standard","meta":{"_monsterinsights_skip_tracking":false,"_monsterinsights_sitenote_active":false,"_monsterinsights_sitenote_note":"","_monsterinsights_sitenote_category":0,"footnotes":""},"categories":[1],"tags":[],"class_list":["post-4067","post","type-post","status-publish","format-standard","hentry","category-varie","excerpt"],"_links":{"self":[{"href":"http:\/\/www.luigiaccattoli.it\/blog\/wp-json\/wp\/v2\/posts\/4067","targetHints":{"allow":["GET"]}}],"collection":[{"href":"http:\/\/www.luigiaccattoli.it\/blog\/wp-json\/wp\/v2\/posts"}],"about":[{"href":"http:\/\/www.luigiaccattoli.it\/blog\/wp-json\/wp\/v2\/types\/post"}],"author":[{"embeddable":true,"href":"http:\/\/www.luigiaccattoli.it\/blog\/wp-json\/wp\/v2\/users\/1"}],"replies":[{"embeddable":true,"href":"http:\/\/www.luigiaccattoli.it\/blog\/wp-json\/wp\/v2\/comments?post=4067"}],"version-history":[{"count":4,"href":"http:\/\/www.luigiaccattoli.it\/blog\/wp-json\/wp\/v2\/posts\/4067\/revisions"}],"predecessor-version":[{"id":4071,"href":"http:\/\/www.luigiaccattoli.it\/blog\/wp-json\/wp\/v2\/posts\/4067\/revisions\/4071"}],"wp:attachment":[{"href":"http:\/\/www.luigiaccattoli.it\/blog\/wp-json\/wp\/v2\/media?parent=4067"}],"wp:term":[{"taxonomy":"category","embeddable":true,"href":"http:\/\/www.luigiaccattoli.it\/blog\/wp-json\/wp\/v2\/categories?post=4067"},{"taxonomy":"post_tag","embeddable":true,"href":"http:\/\/www.luigiaccattoli.it\/blog\/wp-json\/wp\/v2\/tags?post=4067"}],"curies":[{"name":"wp","href":"https:\/\/api.w.org\/{rel}","templated":true}]}}