{"id":495,"date":"2007-09-03T11:50:29","date_gmt":"2007-09-03T10:50:29","guid":{"rendered":"http:\/\/www.luigiaccattoli.it\/blog\/?p=495"},"modified":"2008-10-07T16:07:36","modified_gmt":"2008-10-07T15:07:36","slug":"benedetto-sopportare-il-silenzio-di-dio-e-gridare-a-lui","status":"publish","type":"post","link":"http:\/\/www.luigiaccattoli.it\/blog\/benedetto-sopportare-il-silenzio-di-dio-e-gridare-a-lui\/","title":{"rendered":"Benedetto: &#8220;Sopportare il silenzio di Dio e gridare a lui&#8221;"},"content":{"rendered":"<p>La parola pi\u00f9 viva detta dal papa a Loreto \u00e8 in questo brano della risposta improvvisata alla domanda di un giovane che &#8211; all&#8217;inizio della veglia nel campo di Montorso, sabato sera &#8211; gli aveva chiesto &#8220;dove trovare Dio, se Dio tace&#8221;: <em>&#8220;S\u00ec, tutti noi anche se credenti conosciamo il silenzio di Dio. Nel Salmo che abbiamo adesso recitato c\u2019\u00e8 questo grido quasi disperato: &#8216;Parla Dio, non ti nascondere!&#8217; e poco fa \u00e8 stato pubblicato un libro con le esperienze spirituali di Madre Teresa e quanto sapevamo gi\u00e0 si mostra ancora pi\u00f9 apertamente: con tutta la sua carit\u00e0, la sua forza di fede, Madre Teresa soffriva del silenzio di Dio. Da una parte, dobbiamo sopportare questo silenzio di Dio anche per potere capire i nostri fratelli che non conoscono Dio. Dall\u2019altra, con il Salmo possiamo sempre di nuovo gridare a Dio: &#8216;Parla, mostrati!&#8217;. E senza dubbio nella nostra vita , se il cuore \u00e8 aperto, possiamo trovare i grandi momenti nei quali realmente la presenza di Dio diventa sensibile anche per noi (&#8230;) Non sempre risponde, ma ci sono momenti in cui realmente risponde&#8221;<\/em>. <span style=\"font-size: 12pt; font-family: 'Times New Roman'; mso-fareast-font-family: 'Times New Roman'; mso-ansi-language: IT; mso-fareast-language: IT; mso-bidi-language: AR-SA\">Ho segnalato pi\u00f9 volte in questo blog le riflessioni di papa Benedetto sul \u201csilenzio di Dio\u201d (vedi per esempio post del 18 aprile 2007 e del 21 novembre 2006). Per una riflessione pi\u00f9 ampia rinvio a un mio piccolo saggio pubblicato sulla rivista <em>Il Regno<\/em> subito dopo l\u2019elezione del papa teologo (\u201cNon prevedevo l\u2019elezione di Ratzinger\u201d: vedilo nella pagina \u201cCollaborazione a riviste\u201d, elencata sotto la mia foto). L\u2019aspetto pi\u00f9 originale della risposta di Loreto \u00e8 nelle parole che invitano a \u201csopportare\u201d il silenzio di Dio anche per \u201ccapire\u201d i fratelli che non hanno mai udito la sua voce: mi ricorda un invito del cardinale Ratzinger a sperimentare occasionalmente il \u201cdigiuno eucaristico\u201d (cio\u00e8 a rinunciare alla comunione sacramentale) in segno di solidariet\u00e0 con i fratelli che non possono comunicarsi (il riferimento era ai divorziati risposati).<\/span><\/p>\n","protected":false},"excerpt":{"rendered":"<p>La parola pi\u00f9 viva detta dal papa a Loreto \u00e8 in questo brano della risposta improvvisata alla domanda di un giovane che &#8211; all&#8217;inizio della veglia nel campo di Montorso,&#8230;<\/p>\n<div class=\"more-link-wrapper\"><a class=\"more-link\" href=\"http:\/\/www.luigiaccattoli.it\/blog\/benedetto-sopportare-il-silenzio-di-dio-e-gridare-a-lui\/\">Read More<span class=\"screen-reader-text\">Benedetto: &#8220;Sopportare il silenzio di Dio e gridare a lui&#8221;<\/span><\/a><\/div>\n","protected":false},"author":1,"featured_media":0,"comment_status":"open","ping_status":"closed","sticky":false,"template":"","format":"standard","meta":{"_monsterinsights_skip_tracking":false,"_monsterinsights_sitenote_active":false,"_monsterinsights_sitenote_note":"","_monsterinsights_sitenote_category":0,"footnotes":""},"categories":[1],"tags":[],"class_list":["post-495","post","type-post","status-publish","format-standard","hentry","category-varie","excerpt"],"_links":{"self":[{"href":"http:\/\/www.luigiaccattoli.it\/blog\/wp-json\/wp\/v2\/posts\/495","targetHints":{"allow":["GET"]}}],"collection":[{"href":"http:\/\/www.luigiaccattoli.it\/blog\/wp-json\/wp\/v2\/posts"}],"about":[{"href":"http:\/\/www.luigiaccattoli.it\/blog\/wp-json\/wp\/v2\/types\/post"}],"author":[{"embeddable":true,"href":"http:\/\/www.luigiaccattoli.it\/blog\/wp-json\/wp\/v2\/users\/1"}],"replies":[{"embeddable":true,"href":"http:\/\/www.luigiaccattoli.it\/blog\/wp-json\/wp\/v2\/comments?post=495"}],"version-history":[{"count":0,"href":"http:\/\/www.luigiaccattoli.it\/blog\/wp-json\/wp\/v2\/posts\/495\/revisions"}],"wp:attachment":[{"href":"http:\/\/www.luigiaccattoli.it\/blog\/wp-json\/wp\/v2\/media?parent=495"}],"wp:term":[{"taxonomy":"category","embeddable":true,"href":"http:\/\/www.luigiaccattoli.it\/blog\/wp-json\/wp\/v2\/categories?post=495"},{"taxonomy":"post_tag","embeddable":true,"href":"http:\/\/www.luigiaccattoli.it\/blog\/wp-json\/wp\/v2\/tags?post=495"}],"curies":[{"name":"wp","href":"https:\/\/api.w.org\/{rel}","templated":true}]}}