{"id":5239,"date":"2010-08-27T14:36:54","date_gmt":"2010-08-27T14:36:54","guid":{"rendered":"http:\/\/www.luigiaccattoli.it\/blog\/?p=5239"},"modified":"2010-08-27T14:43:25","modified_gmt":"2010-08-27T14:43:25","slug":"se-un-papa-tedesco-oggi-difende-i-rom","status":"publish","type":"post","link":"http:\/\/www.luigiaccattoli.it\/blog\/se-un-papa-tedesco-oggi-difende-i-rom\/","title":{"rendered":"Se un papa tedesco oggi difende i Rom"},"content":{"rendered":"<p>Ritengo una felice colpa quella del consigliere del presidente Sarkosy, Alain Minc, che l&#8217;altro ieri ha menato scandalo per le parole in difesa dei Rom dette domenica dal papa all&#8217;<em>angelus<\/em> e da tutti interpretate come una critica delle espulsioni in massa decise dal governo di Parigi: \u00ab<em>Ce pape allemand ? Parler comme il a parl\u00e9 ? En fran\u00e7ais ? On peut discuter (de) ce que l&#8217;on veut sur l&#8217;affaire des Roms, mais pas un pape allemand. Jean-Paul II peut-\u00eatre, pas lui (&#8230;). Son insensibilit\u00e9 qu&#8217;on a mesur\u00e9e quand il a r\u00e9install\u00e9 un \u00e9v\u00eaque r\u00e9visionniste, son insensibilit\u00e9 \u00e0 l&#8217;histoire, dont il est comme tous les Allemands un h\u00e9ritier, non pas un coupable mais un h\u00e9ritier<\/em>\u00bb. Se uno \u00e8 un Rom \u00e8 un delinquente, se uno \u00e8 tedesco \u00e8 un razzista, se uno \u00e8 un francese \u00e8 un figlio dei lumi. La corta veduta porta a battere la testa e se questa \u00e8 dura ne viene un notevole fracasso. L&#8217;utilit\u00e0 del fracasso &#8211; in questo caso &#8211; sta nell&#8217;aiuto a cogliere l&#8217;astuzia della Provvidenza che ha voluto prima un papa polacco e poi uno tedesco per disincagliare il Vangelo dalle appartenenze nazionali e riportarlo nel mezzo di ogni umanit\u00e0.   <\/p>\n","protected":false},"excerpt":{"rendered":"<p>Ritengo una felice colpa quella del consigliere del presidente Sarkosy, Alain Minc, che l&#8217;altro ieri ha menato scandalo per le parole in difesa dei Rom dette domenica dal papa all&#8217;angelus&#8230;<\/p>\n<div class=\"more-link-wrapper\"><a class=\"more-link\" href=\"http:\/\/www.luigiaccattoli.it\/blog\/se-un-papa-tedesco-oggi-difende-i-rom\/\">Read More<span class=\"screen-reader-text\">Se un papa tedesco oggi difende i Rom<\/span><\/a><\/div>\n","protected":false},"author":1,"featured_media":0,"comment_status":"open","ping_status":"closed","sticky":false,"template":"","format":"standard","meta":{"_monsterinsights_skip_tracking":false,"_monsterinsights_sitenote_active":false,"_monsterinsights_sitenote_note":"","_monsterinsights_sitenote_category":0,"footnotes":""},"categories":[1],"tags":[],"class_list":["post-5239","post","type-post","status-publish","format-standard","hentry","category-varie","excerpt"],"_links":{"self":[{"href":"http:\/\/www.luigiaccattoli.it\/blog\/wp-json\/wp\/v2\/posts\/5239","targetHints":{"allow":["GET"]}}],"collection":[{"href":"http:\/\/www.luigiaccattoli.it\/blog\/wp-json\/wp\/v2\/posts"}],"about":[{"href":"http:\/\/www.luigiaccattoli.it\/blog\/wp-json\/wp\/v2\/types\/post"}],"author":[{"embeddable":true,"href":"http:\/\/www.luigiaccattoli.it\/blog\/wp-json\/wp\/v2\/users\/1"}],"replies":[{"embeddable":true,"href":"http:\/\/www.luigiaccattoli.it\/blog\/wp-json\/wp\/v2\/comments?post=5239"}],"version-history":[{"count":3,"href":"http:\/\/www.luigiaccattoli.it\/blog\/wp-json\/wp\/v2\/posts\/5239\/revisions"}],"predecessor-version":[{"id":5242,"href":"http:\/\/www.luigiaccattoli.it\/blog\/wp-json\/wp\/v2\/posts\/5239\/revisions\/5242"}],"wp:attachment":[{"href":"http:\/\/www.luigiaccattoli.it\/blog\/wp-json\/wp\/v2\/media?parent=5239"}],"wp:term":[{"taxonomy":"category","embeddable":true,"href":"http:\/\/www.luigiaccattoli.it\/blog\/wp-json\/wp\/v2\/categories?post=5239"},{"taxonomy":"post_tag","embeddable":true,"href":"http:\/\/www.luigiaccattoli.it\/blog\/wp-json\/wp\/v2\/tags?post=5239"}],"curies":[{"name":"wp","href":"https:\/\/api.w.org\/{rel}","templated":true}]}}