{"id":5401,"date":"2010-09-23T15:20:08","date_gmt":"2010-09-23T15:20:08","guid":{"rendered":"http:\/\/www.luigiaccattoli.it\/blog\/?p=5401"},"modified":"2010-09-23T15:54:40","modified_gmt":"2010-09-23T15:54:40","slug":"a-renato-zero-che-fa-sessantanni-sei-zero","status":"publish","type":"post","link":"http:\/\/www.luigiaccattoli.it\/blog\/a-renato-zero-che-fa-sessantanni-sei-zero\/","title":{"rendered":"A Renato Zero che fa sessant&#8217;anni: &#8220;Sei Zero&#8221;"},"content":{"rendered":"<p>Renato Zero compie sessant&#8217;anni &#8211; gli hanno preparato una festa al motto SEI ZERO &#8211; e racconta la sua vita esagerata al <a href=\"http:\/\/www.corriere.it\/spettacoli\/10_settembre_22\/renato-zero-intervista-aldo-cazzullo_863f1576-c66b-11df-89af-00144f02aabe.shtml\">Corriere della Sera<\/a>: gli mando un augurio e dedico ai visitatori questo capoverso: &#8220;<em>Ora vivo alla Camilluccia, con mio fratello Giampiero e mia sorella Maria Pia. Vicino a mio figlio adottivo, Roberto Anselmi Fiacchini. And\u00f2 cos\u00ec. Ero al cinema, e noto questo ragazzino. Era pettinato come Barth Simpson. E mi regal\u00f2 un pupazzetto di Barth Simpson. Mi raccont\u00f2 la sua storia: il padre era morto, la madre malata. Sono sempre stato vicino ai ragazzi degli orfanotrofi. Cominciai a seguire Roberto. Quando fu possibile, lo adottai: la legge consente anche ai single di adottare, se il figlio \u00e8 maggiorenne e non ha pi\u00f9 i genitori. Roberto si \u00e8 sposato con Manuela e hanno due bambine. La grande si chiama Virginia, la piccola Ada, come mia madre. Fare il nonno \u00e8 delizioso. Fare il padre \u00e8 pi\u00f9 difficile. Ma a poco a poco sono riuscito a ricreare una famiglia numerosa, come quella in cui sono cresciuto<\/em>&#8220;.<\/p>\n","protected":false},"excerpt":{"rendered":"<p>Renato Zero compie sessant&#8217;anni &#8211; gli hanno preparato una festa al motto SEI ZERO &#8211; e racconta la sua vita esagerata al Corriere della Sera: gli mando un augurio e&#8230;<\/p>\n<div class=\"more-link-wrapper\"><a class=\"more-link\" href=\"http:\/\/www.luigiaccattoli.it\/blog\/a-renato-zero-che-fa-sessantanni-sei-zero\/\">Read More<span class=\"screen-reader-text\">A Renato Zero che fa sessant&#8217;anni: &#8220;Sei Zero&#8221;<\/span><\/a><\/div>\n","protected":false},"author":1,"featured_media":0,"comment_status":"open","ping_status":"closed","sticky":false,"template":"","format":"standard","meta":{"_monsterinsights_skip_tracking":false,"_monsterinsights_sitenote_active":false,"_monsterinsights_sitenote_note":"","_monsterinsights_sitenote_category":0,"footnotes":""},"categories":[1],"tags":[],"class_list":["post-5401","post","type-post","status-publish","format-standard","hentry","category-varie","excerpt"],"_links":{"self":[{"href":"http:\/\/www.luigiaccattoli.it\/blog\/wp-json\/wp\/v2\/posts\/5401","targetHints":{"allow":["GET"]}}],"collection":[{"href":"http:\/\/www.luigiaccattoli.it\/blog\/wp-json\/wp\/v2\/posts"}],"about":[{"href":"http:\/\/www.luigiaccattoli.it\/blog\/wp-json\/wp\/v2\/types\/post"}],"author":[{"embeddable":true,"href":"http:\/\/www.luigiaccattoli.it\/blog\/wp-json\/wp\/v2\/users\/1"}],"replies":[{"embeddable":true,"href":"http:\/\/www.luigiaccattoli.it\/blog\/wp-json\/wp\/v2\/comments?post=5401"}],"version-history":[{"count":4,"href":"http:\/\/www.luigiaccattoli.it\/blog\/wp-json\/wp\/v2\/posts\/5401\/revisions"}],"predecessor-version":[{"id":5404,"href":"http:\/\/www.luigiaccattoli.it\/blog\/wp-json\/wp\/v2\/posts\/5401\/revisions\/5404"}],"wp:attachment":[{"href":"http:\/\/www.luigiaccattoli.it\/blog\/wp-json\/wp\/v2\/media?parent=5401"}],"wp:term":[{"taxonomy":"category","embeddable":true,"href":"http:\/\/www.luigiaccattoli.it\/blog\/wp-json\/wp\/v2\/categories?post=5401"},{"taxonomy":"post_tag","embeddable":true,"href":"http:\/\/www.luigiaccattoli.it\/blog\/wp-json\/wp\/v2\/tags?post=5401"}],"curies":[{"name":"wp","href":"https:\/\/api.w.org\/{rel}","templated":true}]}}