{"id":545,"date":"2007-10-30T13:20:33","date_gmt":"2007-10-30T12:20:33","guid":{"rendered":"http:\/\/www.luigiaccattoli.it\/blog\/?p=545"},"modified":"2007-10-30T13:26:15","modified_gmt":"2007-10-30T12:26:15","slug":"se-fossi-un-famacista-mi-batterei-per-lobiezione","status":"publish","type":"post","link":"http:\/\/www.luigiaccattoli.it\/blog\/se-fossi-un-famacista-mi-batterei-per-lobiezione\/","title":{"rendered":"Se fossi un famacista mi batterei per l&#8217;obiezione"},"content":{"rendered":"<p>Se fossi un farmacista mi batterei &#8211; suppongo &#8211; per il riconoscimento del diritto all&#8217;obiezione di coscienza rispetto alla vendita dei farmaci utilizzabili per l&#8217;aborto e per l&#8217;eutanasia. Se fossi il gestore di una farmacia privata la gestirei &#8211; immagino &#8211; secondo i criteri di quell&#8217;obiezione. Ma se fossi il dipendente di una farmacia pubblica, dove non sia possibile l&#8217;obiezione di coscienza rispetto a nessuno dei farmaci approvati dal Servizio sanitario nazionale, non avrei &#8211; presumo &#8211; una seria difficolt\u00e0 a lavorarvi. Il coinvolgimento nella vendita di farmaci usabili contro la vita sarebbe bilanciato dalla possibilit\u00e0 di svolgere una consulenza cristianamente ispirata. Nel caso della gestione di una farmacia o dell&#8217;orientamento di un&#8217;associazione di farmacisti ritengo vada seguita l&#8217;indicazione riproposta ieri da Benedetto XVI nel discorso alla Federazione internazionale dei farmacisti cattolici, che \u00e8 la coerente applicazione a questo campo della linea di rigore adottata in Germania nei confronti dei consultori cattolici, quando papa Wojtyla e il cardinale Ratzinger chiesero ai vescovi tedeschi di rinunciare alla possibilit\u00e0 che venissero svolte &#8211; in tali strutture &#8211; le pratiche previe all&#8217;interruzione della gravidanza. Per quanto riguarda invece il lavoro del singolo farmacista, applico alla materia l&#8217;esperienza maturata in una vita di collaborazione ai quotidiani &#8220;laici&#8221; o &#8220;laicisti&#8221;: la corresponsabilit\u00e0 in scelte non sempre rispondenti alle proprie convinzioni \u00e8 ripagata dall&#8217;opportunit\u00e0 di svolgere &#8211; in quella pasta &#8211; una funzione di lievito.<\/p>\n","protected":false},"excerpt":{"rendered":"<p>Se fossi un farmacista mi batterei &#8211; suppongo &#8211; per il riconoscimento del diritto all&#8217;obiezione di coscienza rispetto alla vendita dei farmaci utilizzabili per l&#8217;aborto e per l&#8217;eutanasia. Se fossi&#8230;<\/p>\n<div class=\"more-link-wrapper\"><a class=\"more-link\" href=\"http:\/\/www.luigiaccattoli.it\/blog\/se-fossi-un-famacista-mi-batterei-per-lobiezione\/\">Read More<span class=\"screen-reader-text\">Se fossi un famacista mi batterei per l&#8217;obiezione<\/span><\/a><\/div>\n","protected":false},"author":1,"featured_media":0,"comment_status":"open","ping_status":"closed","sticky":false,"template":"","format":"standard","meta":{"_monsterinsights_skip_tracking":false,"_monsterinsights_sitenote_active":false,"_monsterinsights_sitenote_note":"","_monsterinsights_sitenote_category":0,"footnotes":""},"categories":[1],"tags":[],"class_list":["post-545","post","type-post","status-publish","format-standard","hentry","category-varie","excerpt"],"_links":{"self":[{"href":"http:\/\/www.luigiaccattoli.it\/blog\/wp-json\/wp\/v2\/posts\/545","targetHints":{"allow":["GET"]}}],"collection":[{"href":"http:\/\/www.luigiaccattoli.it\/blog\/wp-json\/wp\/v2\/posts"}],"about":[{"href":"http:\/\/www.luigiaccattoli.it\/blog\/wp-json\/wp\/v2\/types\/post"}],"author":[{"embeddable":true,"href":"http:\/\/www.luigiaccattoli.it\/blog\/wp-json\/wp\/v2\/users\/1"}],"replies":[{"embeddable":true,"href":"http:\/\/www.luigiaccattoli.it\/blog\/wp-json\/wp\/v2\/comments?post=545"}],"version-history":[{"count":0,"href":"http:\/\/www.luigiaccattoli.it\/blog\/wp-json\/wp\/v2\/posts\/545\/revisions"}],"wp:attachment":[{"href":"http:\/\/www.luigiaccattoli.it\/blog\/wp-json\/wp\/v2\/media?parent=545"}],"wp:term":[{"taxonomy":"category","embeddable":true,"href":"http:\/\/www.luigiaccattoli.it\/blog\/wp-json\/wp\/v2\/categories?post=545"},{"taxonomy":"post_tag","embeddable":true,"href":"http:\/\/www.luigiaccattoli.it\/blog\/wp-json\/wp\/v2\/tags?post=545"}],"curies":[{"name":"wp","href":"https:\/\/api.w.org\/{rel}","templated":true}]}}