{"id":710,"date":"2008-06-17T21:53:38","date_gmt":"2008-06-17T20:53:38","guid":{"rendered":"http:\/\/www.luigiaccattoli.it\/blog\/?p=710"},"modified":"2008-06-18T07:10:16","modified_gmt":"2008-06-18T06:10:16","slug":"sono-tornato-al-vecchio-rito","status":"publish","type":"post","link":"http:\/\/www.luigiaccattoli.it\/blog\/sono-tornato-al-vecchio-rito\/","title":{"rendered":"Sono tornato al vecchio Rito"},"content":{"rendered":"<p>Oggi pomeriggio sono tornato alla chiesa della &#8220;Santissima Trinit\u00e0 dei pellegrini&#8221; per partecipare alla celebrazione feriale (vedi post del 15 giugno) secondo il vecchio messale. Venti i presenti, compresi il parroco e il chierico che l&#8217;assisteva. Tre sole le donne: anche domenica erano molto pi\u00f9 numerosi gli uomini, che vuol dire? Perch\u00e8 alle messe del nuovo rito sono di pi\u00f9\u00a0le donne e qui avviene il contrario? A differenza di domenica non veniva offerto alcun sussidio per seguire la celebrazione e ho visto\u00a0che mi risulta\u00a0difficile capire a orecchio le preghiere e le letture in latino nonostante l&#8217;abitudine ad ascoltare in questa lingua alcune parti delle celebrazioni\u00a0papali. Ho afferrato bene solo il Vangelo e un paio di <em>oremus<\/em>\u00a0che lo echeggiavano. Al grande silenzio che va dal <em>Sanctus<\/em> al <em>Pater<\/em> stavolta ero pi\u00f9 preparato e pur senza avere sotto il testo reputo di essermi abbastanza sintonizzato con quanto diceva e faceva il celebrante. Il <em>confiteor<\/em> \u00e8 stato ripetuto prima della comunione come gi\u00e0 domenica. Non c&#8217;\u00e8 stata omelia ma la celebrazione \u00e8 stata condotta con\u00a0esemplare lentezza ed \u00e8 durata 40 minuti. Grato di ci\u00f2. Curiosit\u00e0 di un gesto: dopo il <em>sanctus<\/em> il chierico ha accesso una piccola candela poggiata con il suo supporto tra i candelieri gi\u00e0 accesi, dalla parte dell&#8217;epistola, come la mascotte ai piedi dei cavalli. E l&#8217;ha spenta dopo la comunione. Non ricordo d&#8217;ver mai visto quella candela in antico.<\/p>\n","protected":false},"excerpt":{"rendered":"<p>Oggi pomeriggio sono tornato alla chiesa della &#8220;Santissima Trinit\u00e0 dei pellegrini&#8221; per partecipare alla celebrazione feriale (vedi post del 15 giugno) secondo il vecchio messale. Venti i presenti, compresi il&#8230;<\/p>\n<div class=\"more-link-wrapper\"><a class=\"more-link\" href=\"http:\/\/www.luigiaccattoli.it\/blog\/sono-tornato-al-vecchio-rito\/\">Read More<span class=\"screen-reader-text\">Sono tornato al vecchio Rito<\/span><\/a><\/div>\n","protected":false},"author":1,"featured_media":0,"comment_status":"open","ping_status":"closed","sticky":false,"template":"","format":"standard","meta":{"_monsterinsights_skip_tracking":false,"_monsterinsights_sitenote_active":false,"_monsterinsights_sitenote_note":"","_monsterinsights_sitenote_category":0,"footnotes":""},"categories":[1],"tags":[],"class_list":["post-710","post","type-post","status-publish","format-standard","hentry","category-varie","excerpt"],"_links":{"self":[{"href":"http:\/\/www.luigiaccattoli.it\/blog\/wp-json\/wp\/v2\/posts\/710","targetHints":{"allow":["GET"]}}],"collection":[{"href":"http:\/\/www.luigiaccattoli.it\/blog\/wp-json\/wp\/v2\/posts"}],"about":[{"href":"http:\/\/www.luigiaccattoli.it\/blog\/wp-json\/wp\/v2\/types\/post"}],"author":[{"embeddable":true,"href":"http:\/\/www.luigiaccattoli.it\/blog\/wp-json\/wp\/v2\/users\/1"}],"replies":[{"embeddable":true,"href":"http:\/\/www.luigiaccattoli.it\/blog\/wp-json\/wp\/v2\/comments?post=710"}],"version-history":[{"count":0,"href":"http:\/\/www.luigiaccattoli.it\/blog\/wp-json\/wp\/v2\/posts\/710\/revisions"}],"wp:attachment":[{"href":"http:\/\/www.luigiaccattoli.it\/blog\/wp-json\/wp\/v2\/media?parent=710"}],"wp:term":[{"taxonomy":"category","embeddable":true,"href":"http:\/\/www.luigiaccattoli.it\/blog\/wp-json\/wp\/v2\/categories?post=710"},{"taxonomy":"post_tag","embeddable":true,"href":"http:\/\/www.luigiaccattoli.it\/blog\/wp-json\/wp\/v2\/tags?post=710"}],"curies":[{"name":"wp","href":"https:\/\/api.w.org\/{rel}","templated":true}]}}