{"id":719,"date":"2008-07-04T15:43:35","date_gmt":"2008-07-04T14:43:35","guid":{"rendered":"http:\/\/www.luigiaccattoli.it\/blog\/?p=719"},"modified":"2008-07-04T15:46:01","modified_gmt":"2008-07-04T14:46:01","slug":"natuzza-evolo-da-corrado-augias","status":"publish","type":"post","link":"http:\/\/www.luigiaccattoli.it\/blog\/natuzza-evolo-da-corrado-augias\/","title":{"rendered":"Natuzza stasera da Augias"},"content":{"rendered":"<p><span style=\"font-size: 12pt; font-family: 'Times New Roman'; mso-fareast-font-family: 'Times New Roman'; mso-ansi-language: IT; mso-fareast-language: IT; mso-bidi-language: AR-SA; mso-bidi-font-style: italic\">&#8220;Perch\u00e8 questi casi di stimmatizzati avvengono soprattutto al Sud?&#8221; \u2013 chiede Corrado Augias. &#8220;Questo bisognerebbe domandarlo al Capoazienda&#8221;, scherza l\u2019arcivescovo di Campobasso Giancarlo Bregantini. &#8220;Forse perch\u00e8 l\u00ec \u00e8 maggiore la fatica del vivere, con le sue sofferenze e i suoi travagli&#8221;, replica il professor Lombardi Satriani, una vita dedicata a studiare la religiosit\u00e0 popolare e la vicenda di Natuzza Evolo, la &#8216;mistica di Paravati&#8217;, a cui \u00e8 dedicata la puntata di questa sera di <em>Enigma<\/em> il settimanale di <em>Raitre<\/em> in onda alle 21.05.<\/span><span style=\"font-size: 12pt; color: darkblue; font-family: Verdana; mso-fareast-font-family: 'Times New Roman'; mso-ansi-language: IT; mso-fareast-language: IT; mso-bidi-language: AR-SA; mso-bidi-font-family: 'Times New Roman'\"> <\/span><span style=\"font-size: 12pt; font-family: 'Times New Roman'; mso-fareast-font-family: 'Times New Roman'; mso-ansi-language: IT; mso-fareast-language: IT; mso-bidi-language: AR-SA\">Di Natuzza \u2013 una donna povera e analfabeta di un paesino calabrese che porta le stimmate, parla con i morti, vede gli angeli \u2013 ci eravamo gi\u00e0 interessati in questo blog: vedi commenti di Tonizzo e Gianluca al post <em>A me ci pensa Padre Pio<\/em> del 1\u00b0 novembre 2006.<\/span><\/p>\n","protected":false},"excerpt":{"rendered":"<p>&#8220;Perch\u00e8 questi casi di stimmatizzati avvengono soprattutto al Sud?&#8221; \u2013 chiede Corrado Augias. &#8220;Questo bisognerebbe domandarlo al Capoazienda&#8221;, scherza l\u2019arcivescovo di Campobasso Giancarlo Bregantini. &#8220;Forse perch\u00e8 l\u00ec \u00e8 maggiore la&#8230;<\/p>\n<div class=\"more-link-wrapper\"><a class=\"more-link\" href=\"http:\/\/www.luigiaccattoli.it\/blog\/natuzza-evolo-da-corrado-augias\/\">Read More<span class=\"screen-reader-text\">Natuzza stasera da Augias<\/span><\/a><\/div>\n","protected":false},"author":1,"featured_media":0,"comment_status":"open","ping_status":"closed","sticky":false,"template":"","format":"standard","meta":{"_monsterinsights_skip_tracking":false,"_monsterinsights_sitenote_active":false,"_monsterinsights_sitenote_note":"","_monsterinsights_sitenote_category":0,"footnotes":""},"categories":[1],"tags":[],"class_list":["post-719","post","type-post","status-publish","format-standard","hentry","category-varie","excerpt"],"_links":{"self":[{"href":"http:\/\/www.luigiaccattoli.it\/blog\/wp-json\/wp\/v2\/posts\/719","targetHints":{"allow":["GET"]}}],"collection":[{"href":"http:\/\/www.luigiaccattoli.it\/blog\/wp-json\/wp\/v2\/posts"}],"about":[{"href":"http:\/\/www.luigiaccattoli.it\/blog\/wp-json\/wp\/v2\/types\/post"}],"author":[{"embeddable":true,"href":"http:\/\/www.luigiaccattoli.it\/blog\/wp-json\/wp\/v2\/users\/1"}],"replies":[{"embeddable":true,"href":"http:\/\/www.luigiaccattoli.it\/blog\/wp-json\/wp\/v2\/comments?post=719"}],"version-history":[{"count":0,"href":"http:\/\/www.luigiaccattoli.it\/blog\/wp-json\/wp\/v2\/posts\/719\/revisions"}],"wp:attachment":[{"href":"http:\/\/www.luigiaccattoli.it\/blog\/wp-json\/wp\/v2\/media?parent=719"}],"wp:term":[{"taxonomy":"category","embeddable":true,"href":"http:\/\/www.luigiaccattoli.it\/blog\/wp-json\/wp\/v2\/categories?post=719"},{"taxonomy":"post_tag","embeddable":true,"href":"http:\/\/www.luigiaccattoli.it\/blog\/wp-json\/wp\/v2\/tags?post=719"}],"curies":[{"name":"wp","href":"https:\/\/api.w.org\/{rel}","templated":true}]}}