{"id":723,"date":"2008-07-10T07:30:04","date_gmt":"2008-07-10T06:30:04","guid":{"rendered":"http:\/\/www.luigiaccattoli.it\/blog\/?p=723"},"modified":"2008-07-15T10:01:44","modified_gmt":"2008-07-15T09:01:44","slug":"sabina-guzzanti-il-papa-e-la-morte","status":"publish","type":"post","link":"http:\/\/www.luigiaccattoli.it\/blog\/sabina-guzzanti-il-papa-e-la-morte\/","title":{"rendered":"Sabina Guzzanti il papa e la morte"},"content":{"rendered":"<p><font face=\"Times New Roman\" size=\"3\">Salita sul palco Sabina Guzzanti sentenzi\u00f2 che \u201cRatzinger tra vent\u2019anni sar\u00e0 morto\u201d. Ma giovane com\u2019era e brava a fare le voci, aggiunse dell\u2019altro: \u201cSar\u00e0 morto, mortacci sua, la morte, mort\u00e8\u201d. <\/font><\/p>\n<p><font face=\"Times New Roman\" size=\"3\">Sentendosi chiamata la signora vestita di nero arriv\u00f2 in diretta ma come sempre fece confusione e se la prese con Paolo Guzzanti, che ha insegnato ai figli a fare le voci. Per l\u2019occasione imit\u00f2 l\u2019imitatore: \u201cPuzzante, Puzzante!\u201d<\/font><\/p>\n<p><font face=\"Times New Roman\" size=\"3\">Ma Paolo aveva l\u2019alibi: \u201cQuello \u2013 lo sanno tutti \u2013 non \u00e8 il mio girotondo, io sono amico del Cavaliero e quasi suo scudiero\u201d.<\/font><\/p>\n<p><font face=\"Times New Roman\" size=\"3\">La nera signora buss\u00f2 alla porta accanto: \u201cCorri Corrado Corrida\u201d. Ma quello le rispose imitando don Gianni Baget Bozzo: \u201cA mammeta, a soreta\u201d.<\/font><\/p>\n<p><font face=\"Times New Roman\" size=\"3\">La signora\u00a0con la falce di nuovo equivoc\u00f2 e intese \u201ca sorema\u201d e si mise in cerca di Sabina lingualunga.<\/font><\/p>\n<p><font face=\"Times New Roman\" size=\"3\">Venuta la morte Sabina protest\u00f2 facendo la voce di Annuccia, quella del &#8220;Medico in famiglia&#8221;: \u201cPerch\u00e9 mi guardi con\u00a0 malignit\u00e0? Non a me non a me, ma a Sua Santit\u00e0. Io, come vedi, non ho l\u2019et\u00e0\u201d.<\/font><\/p>\n<p><font face=\"Times New Roman\" size=\"3\">\u201cNon ti guardavo con malignit\u00e0\u201d rispose la falciosa e sentenzi\u00f2: \u201cAnni, soldi e santit\u00e0, met\u00e0 della met\u00e0\u201d.<\/font><\/p>\n","protected":false},"excerpt":{"rendered":"<p>Salita sul palco Sabina Guzzanti sentenzi\u00f2 che \u201cRatzinger tra vent\u2019anni sar\u00e0 morto\u201d. Ma giovane com\u2019era e brava a fare le voci, aggiunse dell\u2019altro: \u201cSar\u00e0 morto, mortacci sua, la morte, mort\u00e8\u201d.&#8230;<\/p>\n<div class=\"more-link-wrapper\"><a class=\"more-link\" href=\"http:\/\/www.luigiaccattoli.it\/blog\/sabina-guzzanti-il-papa-e-la-morte\/\">Read More<span class=\"screen-reader-text\">Sabina Guzzanti il papa e la morte<\/span><\/a><\/div>\n","protected":false},"author":1,"featured_media":0,"comment_status":"open","ping_status":"closed","sticky":false,"template":"","format":"standard","meta":{"_monsterinsights_skip_tracking":false,"_monsterinsights_sitenote_active":false,"_monsterinsights_sitenote_note":"","_monsterinsights_sitenote_category":0,"footnotes":""},"categories":[1],"tags":[],"class_list":["post-723","post","type-post","status-publish","format-standard","hentry","category-varie","excerpt"],"_links":{"self":[{"href":"http:\/\/www.luigiaccattoli.it\/blog\/wp-json\/wp\/v2\/posts\/723","targetHints":{"allow":["GET"]}}],"collection":[{"href":"http:\/\/www.luigiaccattoli.it\/blog\/wp-json\/wp\/v2\/posts"}],"about":[{"href":"http:\/\/www.luigiaccattoli.it\/blog\/wp-json\/wp\/v2\/types\/post"}],"author":[{"embeddable":true,"href":"http:\/\/www.luigiaccattoli.it\/blog\/wp-json\/wp\/v2\/users\/1"}],"replies":[{"embeddable":true,"href":"http:\/\/www.luigiaccattoli.it\/blog\/wp-json\/wp\/v2\/comments?post=723"}],"version-history":[{"count":0,"href":"http:\/\/www.luigiaccattoli.it\/blog\/wp-json\/wp\/v2\/posts\/723\/revisions"}],"wp:attachment":[{"href":"http:\/\/www.luigiaccattoli.it\/blog\/wp-json\/wp\/v2\/media?parent=723"}],"wp:term":[{"taxonomy":"category","embeddable":true,"href":"http:\/\/www.luigiaccattoli.it\/blog\/wp-json\/wp\/v2\/categories?post=723"},{"taxonomy":"post_tag","embeddable":true,"href":"http:\/\/www.luigiaccattoli.it\/blog\/wp-json\/wp\/v2\/tags?post=723"}],"curies":[{"name":"wp","href":"https:\/\/api.w.org\/{rel}","templated":true}]}}