{"id":724,"date":"2008-07-11T21:08:05","date_gmt":"2008-07-11T20:08:05","guid":{"rendered":"http:\/\/www.luigiaccattoli.it\/blog\/?p=724"},"modified":"2008-07-11T21:08:05","modified_gmt":"2008-07-11T20:08:05","slug":"parto-per-laustralia-con-il-papa","status":"publish","type":"post","link":"http:\/\/www.luigiaccattoli.it\/blog\/parto-per-laustralia-con-il-papa\/","title":{"rendered":"Parto per l&#8217;Australia con il papa"},"content":{"rendered":"<p>Parto domani mattina per l&#8217;Australia con il papa e torner\u00f2 con lui a Roma il 21 luglio. Aggiorner\u00f2 il blog da laggi\u00f9. Ho seguito tutte le giornate mondiali della giovent\u00f9, fin dall&#8217;inizio e sono entusiasta di questi appuntamenti. Per dirla con il cardinale Ruini esse ci segnalano &#8220;la possibilit\u00e0 di una nuova inculturazione della fede\u00a0cristiana nella nostra epoca&#8221;. Guarder\u00f2 a questo aspetto, in questi giorni.<\/p>\n","protected":false},"excerpt":{"rendered":"<p>Parto domani mattina per l&#8217;Australia con il papa e torner\u00f2 con lui a Roma il 21 luglio. Aggiorner\u00f2 il blog da laggi\u00f9. Ho seguito tutte le giornate mondiali della giovent\u00f9,&#8230;<\/p>\n<div class=\"more-link-wrapper\"><a class=\"more-link\" href=\"http:\/\/www.luigiaccattoli.it\/blog\/parto-per-laustralia-con-il-papa\/\">Read More<span class=\"screen-reader-text\">Parto per l&#8217;Australia con il papa<\/span><\/a><\/div>\n","protected":false},"author":1,"featured_media":0,"comment_status":"open","ping_status":"closed","sticky":false,"template":"","format":"standard","meta":{"_monsterinsights_skip_tracking":false,"_monsterinsights_sitenote_active":false,"_monsterinsights_sitenote_note":"","_monsterinsights_sitenote_category":0,"footnotes":""},"categories":[1],"tags":[],"class_list":["post-724","post","type-post","status-publish","format-standard","hentry","category-varie","excerpt"],"_links":{"self":[{"href":"http:\/\/www.luigiaccattoli.it\/blog\/wp-json\/wp\/v2\/posts\/724","targetHints":{"allow":["GET"]}}],"collection":[{"href":"http:\/\/www.luigiaccattoli.it\/blog\/wp-json\/wp\/v2\/posts"}],"about":[{"href":"http:\/\/www.luigiaccattoli.it\/blog\/wp-json\/wp\/v2\/types\/post"}],"author":[{"embeddable":true,"href":"http:\/\/www.luigiaccattoli.it\/blog\/wp-json\/wp\/v2\/users\/1"}],"replies":[{"embeddable":true,"href":"http:\/\/www.luigiaccattoli.it\/blog\/wp-json\/wp\/v2\/comments?post=724"}],"version-history":[{"count":0,"href":"http:\/\/www.luigiaccattoli.it\/blog\/wp-json\/wp\/v2\/posts\/724\/revisions"}],"wp:attachment":[{"href":"http:\/\/www.luigiaccattoli.it\/blog\/wp-json\/wp\/v2\/media?parent=724"}],"wp:term":[{"taxonomy":"category","embeddable":true,"href":"http:\/\/www.luigiaccattoli.it\/blog\/wp-json\/wp\/v2\/categories?post=724"},{"taxonomy":"post_tag","embeddable":true,"href":"http:\/\/www.luigiaccattoli.it\/blog\/wp-json\/wp\/v2\/tags?post=724"}],"curies":[{"name":"wp","href":"https:\/\/api.w.org\/{rel}","templated":true}]}}