{"id":25614,"date":"2020-11-25T22:47:39","date_gmt":"2020-11-25T21:47:39","guid":{"rendered":"http:\/\/www.luigiaccattoli.it\/blog\/?p=25614"},"modified":"2020-11-25T22:47:39","modified_gmt":"2020-11-25T21:47:39","slug":"la-tac-dice-che-ho-una-polmonite-iniziale-da-sars-cov-2","status":"publish","type":"post","link":"https:\/\/www.luigiaccattoli.it\/blog\/la-tac-dice-che-ho-una-polmonite-iniziale-da-sars-cov-2\/","title":{"rendered":"La tac dice che ho una polmonite iniziale da Sars-Cov 2"},"content":{"rendered":"<p>Ho fatto oggi la tac. Il referto \u00e8 incomprensibile per me e suppongo per la maggioranza dei visitatori. Per\u00f2 il radiologo ha cos\u00ec chiarito a voce la faccenda: si evidenzia un inizio di polmonite da Covid, con diffusione medio-bassa, che al momento si pu\u00f2 curare da casa &#8211; se peggiorasse mi ricovererebbero forse allo Spallanzani &#8211; il posto c&#8217;\u00e8 ma quelli come me per ora non li prendono. Prendono chi ha una diffusione del 60% mentre io l&#8217;avrei solo del 20%. Ho detto. <\/p>\n","protected":false},"excerpt":{"rendered":"<p>Ho fatto oggi la tac. Il referto \u00e8 incomprensibile per me e suppongo per la maggioranza dei visitatori. Per\u00f2 il radiologo ha cos\u00ec chiarito a voce la faccenda: si evidenzia&#8230;<\/p>\n<div class=\"more-link-wrapper\"><a class=\"more-link\" href=\"https:\/\/www.luigiaccattoli.it\/blog\/la-tac-dice-che-ho-una-polmonite-iniziale-da-sars-cov-2\/\">Read More<span class=\"screen-reader-text\">La tac dice che ho una polmonite iniziale da Sars-Cov 2<\/span><\/a><\/div>\n","protected":false},"author":1,"featured_media":0,"comment_status":"open","ping_status":"closed","sticky":false,"template":"","format":"standard","meta":{"_monsterinsights_skip_tracking":false,"_monsterinsights_sitenote_active":false,"_monsterinsights_sitenote_note":"","_monsterinsights_sitenote_category":0,"footnotes":""},"categories":[1],"tags":[],"class_list":["post-25614","post","type-post","status-publish","format-standard","hentry","category-varie","excerpt"],"_links":{"self":[{"href":"https:\/\/www.luigiaccattoli.it\/blog\/wp-json\/wp\/v2\/posts\/25614","targetHints":{"allow":["GET"]}}],"collection":[{"href":"https:\/\/www.luigiaccattoli.it\/blog\/wp-json\/wp\/v2\/posts"}],"about":[{"href":"https:\/\/www.luigiaccattoli.it\/blog\/wp-json\/wp\/v2\/types\/post"}],"author":[{"embeddable":true,"href":"https:\/\/www.luigiaccattoli.it\/blog\/wp-json\/wp\/v2\/users\/1"}],"replies":[{"embeddable":true,"href":"https:\/\/www.luigiaccattoli.it\/blog\/wp-json\/wp\/v2\/comments?post=25614"}],"version-history":[{"count":1,"href":"https:\/\/www.luigiaccattoli.it\/blog\/wp-json\/wp\/v2\/posts\/25614\/revisions"}],"predecessor-version":[{"id":25615,"href":"https:\/\/www.luigiaccattoli.it\/blog\/wp-json\/wp\/v2\/posts\/25614\/revisions\/25615"}],"wp:attachment":[{"href":"https:\/\/www.luigiaccattoli.it\/blog\/wp-json\/wp\/v2\/media?parent=25614"}],"wp:term":[{"taxonomy":"category","embeddable":true,"href":"https:\/\/www.luigiaccattoli.it\/blog\/wp-json\/wp\/v2\/categories?post=25614"},{"taxonomy":"post_tag","embeddable":true,"href":"https:\/\/www.luigiaccattoli.it\/blog\/wp-json\/wp\/v2\/tags?post=25614"}],"curies":[{"name":"wp","href":"https:\/\/api.w.org\/{rel}","templated":true}]}}